{"id":7884,"date":"2021-03-17T18:09:35","date_gmt":"2021-03-17T21:09:35","guid":{"rendered":"http:\/\/dgospel.com.br\/portal\/?p=7884"},"modified":"2021-03-17T18:17:46","modified_gmt":"2021-03-17T21:17:46","slug":"rubens-uchoa-repudia-acusacoes-do-deputado-ze-roberto-as-igrejas-evangelicas-como-divulgadora-de-fake-news","status":"publish","type":"post","link":"https:\/\/dgospel.com.br\/portal\/index.php\/2021\/03\/17\/rubens-uchoa-repudia-acusacoes-do-deputado-ze-roberto-as-igrejas-evangelicas-como-divulgadora-de-fake-news\/","title":{"rendered":"Rubens Uchoa repudia acusa\u00e7\u00f5es do deputado Z\u00e9 Roberto \u00e0s igrejas evang\u00e9licas como divulgadora de fake news"},"content":{"rendered":"\n<p>O vereador Rubens Uchoa (Cidadania) se manifestou atrav\u00e9s de\nnota repudiando as declara\u00e7\u00f5es do deputado Estadual&nbsp;Z\u00e9 Roberto Lula (PT) durante\nsess\u00e3o na Assembleia Legislativa do Estado do Tocantins no dia 16 de mar\u00e7o de\n2021, em que faz graves acusa\u00e7\u00f5es \u00e0s for\u00e7as de seguran\u00e7a, Policia Militar,\nPolicia Federal, Pol\u00edcia Civil, vigilante, grupo de empresariado, agroneg\u00f3cio e\nigrejas evang\u00e9licas, como entidades que espalham mentiras, e batalham contra o isolamento\nsocial e contra a vacina no combate o coronavirus.<\/p>\n\n\n\n<p>O vereador palmense, Rubens Uchoa, disse considerar reprov\u00e1vel\ne repugnantes as acusa\u00e7\u00f5es feitas pelo o deputado Z\u00e9 Roberto. \u201cN\u00e3o \u00e9 aceit\u00e1vel um\ndiscurso de discrimina\u00e7\u00e3o e \u00f3dio por uma figura p\u00fablica, que deveria pelo menos\nrespeitar estas institui\u00e7\u00f5es\u201d, disse.<\/p>\n\n\n\n<p>Uchoa disse que \u00e9 falta de respeito acusar as&nbsp;<a href=\"https:\/\/www.jmnoticia.com.br\/busca\/?s=igrejas\">igrejas<\/a>&nbsp;evang\u00e9licas e\npastores, como culpados pela divulga\u00e7\u00e3o de fake news sobre a pandemia. O parlamentar\nressalta ainda que o segmento evang\u00e9lico sempre prima pela verdade, pelo\nrespeito e pela \u00e9tica, e que muito contribui para bem estar da sociedade.<\/p>\n\n\n\n<p>O vereador registra ainda que em nome do segmento\nevang\u00e9lico repudia o discurso de \u00f3dio e discrimina\u00e7\u00e3o, que atinge de forma desrespeitosa\num dos mais importantes segmentos da sociedade, composto por pessoas na sua\nmaioria ordeira, de boa-f\u00e9 e fiel cumpridora de seus deveres.<\/p>\n\n\n\n<p>Uchoa ressalta ainda que desvio de certas pessoas n\u00e3o tem o\ncond\u00e3o de macular todo um segmento, que continua fiel a seus princ\u00edpios e os\ndefendem de forma intransigente.<\/p>\n\n\n\n<p>O vereador Rubens Uchoa \u00e9 vice-presidente da C\u00e2mara Municipal de Palmas, cantor gospel e \u00e9 um dos nomes mais influentes da pol\u00edtica na capital. \u00a0<\/p>\n\n\n\n<p><\/p>\n\n\n\n<p><strong>Confira a nota <\/strong><\/p>\n\n\n\n<p><strong>Manifesto publico <\/strong><\/p>\n\n\n\n<p><em>Manifesto\npublicamente meu rep\u00fadio&nbsp;as declara\u00e7\u00f5es preconceituosas do deputado\nEstadual&nbsp;Z\u00e9 Roberto Lula (PT) em seu pronunciamento durante sess\u00e3o na Assembleia\nLegislativa do Estado do Tocantins no dia 16 de mar\u00e7o de 2021, quando o mesmo faz\nacusa\u00e7\u00f5es \u00e0s for\u00e7as de seguran\u00e7a, Policia Militar, Policia Federal, Pol\u00edcia\nCivil, vigilante, grupo de empresariado, agroneg\u00f3cio e igrejas evang\u00e9licas,\ncomo entidades que espalham mentiras, e batalham contra o isolamento social e contra\na vacina no combate o coronavirus.<\/em><\/p>\n\n\n\n<p><em>Considero\nreprov\u00e1vel e repugnantes as acusa\u00e7\u00f5es a estas entidades. N\u00e3o \u00e9 aceit\u00e1vel um\ndiscurso de discrimina\u00e7\u00e3o e \u00f3dio por uma figura p\u00fablica, que deveria pelo menos\nrespeitar estas institui\u00e7\u00f5es.<\/em><\/p>\n\n\n\n<p><em>Acusar\n\u00e0s&nbsp;<a href=\"https:\/\/www.jmnoticia.com.br\/busca\/?s=igrejas\">igrejas<\/a>&nbsp;evang\u00e9licas\ne pastores, como culpados pela divulga\u00e7\u00e3o de fake news sobre a pandemia, \u00e9 uma\nfalta de respeito ao um segmento que prima pela verdade, pelo respeito e pela \u00e9tica,\ne que muito contribui para bem estar da sociedade.<\/em><\/p>\n\n\n\n<p><em>Portanto,\nfica registrado em nome do segmento evang\u00e9lico o meu rep\u00fadio a esse discurso de\n\u00f3dio e discrimina\u00e7\u00e3o, pois atingiu de forma desrespeitosa um dos mais\nimportantes segmentos de nossa sociedade, composto por pessoas na sua maioria\nordeira, de boa-f\u00e9 e fiel cumpridora de seus deveres.<\/em><\/p>\n\n\n\n<p><em>Eventual\ndesvio de certas pessoas n\u00e3o tem o cond\u00e3o de macular todo um segmento, que\ncontinua fiel a seus princ\u00edpios e os defendem de forma intransigente.<\/em><\/p>\n\n\n\n<p><em>Rubens Uchoa<\/em><\/p>\n\n\n\n<p><em>Vereador em Palmas<\/em><\/p>\n","protected":false},"excerpt":{"rendered":"<p>O vereador Rubens Uchoa (Cidadania) se manifestou atrav\u00e9s de nota repudiando as declara\u00e7\u00f5es do deputado Estadual&nbsp;Z\u00e9 Roberto Lula (PT) durante sess\u00e3o na Assembleia Legislativa do Estado do Tocantins no dia 16 de mar\u00e7o de 2021, em que faz graves acusa\u00e7\u00f5es \u00e0s for\u00e7as de seguran\u00e7a, Policia Militar, Policia Federal, Pol\u00edcia Civil, vigilante, grupo de empresariado, agroneg\u00f3cio [&hellip;]<\/p>\n","protected":false},"author":2,"featured_media":7887,"comment_status":"open","ping_status":"open","sticky":false,"template":"","format":"standard","meta":[],"categories":[8,5],"tags":[13],"_links":{"self":[{"href":"https:\/\/dgospel.com.br\/portal\/index.php\/wp-json\/wp\/v2\/posts\/7884"}],"collection":[{"href":"https:\/\/dgospel.com.br\/portal\/index.php\/wp-json\/wp\/v2\/posts"}],"about":[{"href":"https:\/\/dgospel.com.br\/portal\/index.php\/wp-json\/wp\/v2\/types\/post"}],"author":[{"embeddable":true,"href":"https:\/\/dgospel.com.br\/portal\/index.php\/wp-json\/wp\/v2\/users\/2"}],"replies":[{"embeddable":true,"href":"https:\/\/dgospel.com.br\/portal\/index.php\/wp-json\/wp\/v2\/comments?post=7884"}],"version-history":[{"count":1,"href":"https:\/\/dgospel.com.br\/portal\/index.php\/wp-json\/wp\/v2\/posts\/7884\/revisions"}],"predecessor-version":[{"id":7886,"href":"https:\/\/dgospel.com.br\/portal\/index.php\/wp-json\/wp\/v2\/posts\/7884\/revisions\/7886"}],"wp:featuredmedia":[{"embeddable":true,"href":"https:\/\/dgospel.com.br\/portal\/index.php\/wp-json\/wp\/v2\/media\/7887"}],"wp:attachment":[{"href":"https:\/\/dgospel.com.br\/portal\/index.php\/wp-json\/wp\/v2\/media?parent=7884"}],"wp:term":[{"taxonomy":"category","embeddable":true,"href":"https:\/\/dgospel.com.br\/portal\/index.php\/wp-json\/wp\/v2\/categories?post=7884"},{"taxonomy":"post_tag","embeddable":true,"href":"https:\/\/dgospel.com.br\/portal\/index.php\/wp-json\/wp\/v2\/tags?post=7884"}],"curies":[{"name":"wp","href":"https:\/\/api.w.org\/{rel}","templated":true}]}}