{"id":7891,"date":"2021-03-19T17:48:31","date_gmt":"2021-03-19T20:48:31","guid":{"rendered":"http:\/\/dgospel.com.br\/portal\/?p=7891"},"modified":"2021-03-19T17:48:32","modified_gmt":"2021-03-19T20:48:32","slug":"prefeitura-de-palmas-e-governo-do-estado-discutem-agenda-conjunta-para-o-enfrentamento-da-covid-19","status":"publish","type":"post","link":"https:\/\/dgospel.com.br\/portal\/index.php\/2021\/03\/19\/prefeitura-de-palmas-e-governo-do-estado-discutem-agenda-conjunta-para-o-enfrentamento-da-covid-19\/","title":{"rendered":"Prefeitura de Palmas e Governo do Estado discutem agenda conjunta para o enfrentamento da Covid-19"},"content":{"rendered":"\n<p>A prefeita de Palmas, Cinthia Ribeiro, foi recebida pelo governador do Estado, Mauro Carlesse, nesta quinta-feira, 18, para tratar da agenda de enfrentamento da pandemia do novo coronav\u00edrus. No encontro, realizado no Pal\u00e1cio Araguaia, os gestores conversaram sobre as demandas que podem ser solucionadas por meio de um trabalho conjunto entre os Executivos Estadual e Municipal.<\/p>\n\n\n\n<p>Ratificando a parceria estabelecida entre as duas gest\u00f5es, o governador Carlesse fez quest\u00e3o de destacar que o Governo do Tocantins tem como objetivo principal salvar vidas e diminuir a taxa de contamina\u00e7\u00e3o do novo Coronav\u00edrus. \u201cQuero deixar registrado que n\u00e3o existe qualquer diferen\u00e7a entre estas duas gest\u00f5es, porque temos o mesmo objetivo: salvar vidas. O Governo do Tocantins \u00e9 parceiro de Palmas e de todos os munic\u00edpios. N\u00f3s vamos continuar agindo em conjunto e com este prop\u00f3sito\u201d, afirmou.<\/p>\n\n\n\n<p>A prefeita Cinthia Ribeiro tamb\u00e9m fez quest\u00e3o de demonstrar a import\u00e2ncia do apoio que tem recebido do Governo do Tocantins e destacou que a pol\u00edtica constru\u00edda institucionalmente \u00e9 suprapartid\u00e1ria. \u201cEste \u00e9 um gesto estadista, mostra que as decis\u00f5es s\u00e3o soberanas e que a pol\u00edtica que n\u00f3s constru\u00edmos institucionalmente \u00e9 suprapartid\u00e1ria. \u00c9 no momento de crise que, de fato, nossos l\u00edderes s\u00e3o provados e quem ganha com isto \u00e9 a popula\u00e7\u00e3o, porque nosso \u00fanico advers\u00e1rio, que \u00e9 invis\u00edvel, \u00e9 o novo coronav\u00edrus\u201d, afirmou.<\/p>\n\n\n\n<p>Durante o encontro, o assessor t\u00e9cnico da Secretaria Municipal de Sa\u00fade de Palmas (Semus) e presidente do Centro de Opera\u00e7\u00f5es de Emerg\u00eancias em Sa\u00fade de Palmas (COE- Palmas), Daniel Borine Zemuner, pontuou algumas das dificuldades enfrentadas no cen\u00e1rio atual da pandemia, entre elas a necessidade de mais leitos cl\u00ednicos para que seja poss\u00edvel aumentar a rotatividade nas Unidades de Pronto Atendimento (UPAs) e sobre o aumento da demanda por oxig\u00eanio. \u201cO que est\u00e1 aumentando a demanda das nossas usinas \u00e9 o tempo que o paciente est\u00e1 ficando no leito, por isso \u00e9 necess\u00e1rio que haja mais rotatividade, precisamos aumentar este n\u00famero. Foram montadas duas usinas de oxig\u00eanio, uma na UPA Sul e outra na UPA Norte, que est\u00e3o operando pr\u00f3ximo da sua capacidade limite. Por isso, n\u00f3s j\u00e1 estabelecemos a contrata\u00e7\u00e3o de outras tr\u00eas usinas para dar este suporte, mas precisamos ficar atentos a essa quest\u00e3o do aporte de oxig\u00eanio\u201d, afirmou.<\/p>\n\n\n\n<p>Tamb\u00e9m presente \u00e0 reuni\u00e3o, o secret\u00e1rio de Estado da Sa\u00fade, Edgar Tollini, informou que a Gest\u00e3o Estadual est\u00e1 unida a Palmas, para auxiliar na quest\u00e3o do aporte de oxig\u00eanio e que o Governo vai avaliar a possibilidade de ampliar a quantidade de leitos cl\u00ednicos na Capital, dentro do Hospital Geral de Palmas (HGP). \u201cVamos avaliar como isso \u00e9 poss\u00edvel, uma vez que o HGP tamb\u00e9m tem sua alta demanda. J\u00e1 estamos trabalhando para ampliar a oferta e abrir mais 52 leitos cl\u00ednicos nas cidades de Guara\u00ed, Aragua\u00edna, Porto Nacional, Miracema do Tocantins e Para\u00edso do Tocantins. Esses ser\u00e3o somados aos 250 leitos que j\u00e1 existem, e, al\u00e9m dos cl\u00ednicos, tamb\u00e9m vamos ampliar os leitos de UTI. Estamos trabalhando para que isso ocorra em Palmas, Gurupi, Aragua\u00edna, Porto Nacional e em Para\u00edso\u201d, assegurou.<\/p>\n\n\n\n<p>Amplia\u00e7\u00e3o de hor\u00e1rio e recomenda\u00e7\u00e3o para trabalho remoto<\/p>\n\n\n\n<p>\u00c0 prefeita Cinthia Ribeiro, o governador Mauro Carlesse ratificou sua posi\u00e7\u00e3o para que haja a amplia\u00e7\u00e3o dos hor\u00e1rios de funcionamento das atividades essenciais, conforme previsto em Decreto Estadual, como os supermercados, padarias e farm\u00e1cias, podendo operar das 6 horas \u00e0 meia-noite, com limita\u00e7\u00e3o da quantidade de pessoas em at\u00e9 50% da capacidade, al\u00e9m de amplia\u00e7\u00e3o da oferta de servi\u00e7os como drive-thru, delivery e outras formas de entrega. \u201cQuando voc\u00ea estreita os hor\u00e1rios, as pessoas v\u00e3o todas no mesmo momento para aquele local, supermercado, por exemplo. Eu acredito que a amplia\u00e7\u00e3o do funcionamento seja uma alternativa, especialmente para ajudar a economia que tem sido muito sacrificada\u201d, frisou o Governador.<\/p>\n\n\n\n<p>O Chefe do Executivo tocantinense lembrou ainda que o Estado tem buscado fazer um trabalho de orienta\u00e7\u00e3o e implementar medidas de distanciamento tamb\u00e9m entre os servidores p\u00fablicos. \u201cFizemos uma proposta aos prefeitos do Tocantins que permite que servidores trabalhem de casa, com objetivo de evitar o deslocamento para os \u00f3rg\u00e3os p\u00fablicos e manter um distanciamento. Tudo ser\u00e1 feito de forma legal para que a gente consiga atingir o objetivo, que \u00e9 diminuir a quantidade de pessoas em contato umas com as outras. Tenho certeza que, com esta medida ocorrendo por duas semanas, n\u00f3s vamos ter uma redu\u00e7\u00e3o dos casos e consequentemente a diminui\u00e7\u00e3o da necessidade de leitos\u201d, destacou.<\/p>\n\n\n\n<p>Em resposta, a prefeita de Palmas acenou estar de acordo com a proposta. \u201cEst\u00e3o em casa, mas continuar\u00e3o mostrando produtividade e contribuindo conosco. Tudo que o Governo do Estado passar como estrat\u00e9gia, estamos literalmente \u00e0 disposi\u00e7\u00e3o para seguir. Inclusive quando da publica\u00e7\u00e3o do decreto estadual, esta foi nossa ordem para a Casa Civil: que tudo o que n\u00f3s pud\u00e9ssemos aproveitar de determina\u00e7\u00e3o fosse inclu\u00eddo. Devemos seguir a mesma linha\u201d, afirmou.<\/p>\n\n\n\n<p>Agenda de trabalho<\/p>\n\n\n\n<p>Na reuni\u00e3o desta quinta-feira, 18, foi estabelecida uma agenda de trabalho que ser\u00e1 seguida por gestores e t\u00e9cnicos das gest\u00f5es estadual e municipal, com vistas a dar m\u00e1xima agilidade \u00e0s a\u00e7\u00f5es que contribuam para a redu\u00e7\u00e3o de \u00f3bitos e a diminui\u00e7\u00e3o dos casos de contamina\u00e7\u00e3o.<\/p>\n\n\n\n<p>Presentes<\/p>\n\n\n\n<p>Tamb\u00e9m participaram da reuni\u00e3o o secret\u00e1rio-executivo da Sa\u00fade, Quesede Ayres Henrique Campos; secret\u00e1rio de Estado da Comunica\u00e7\u00e3o, \u00c9lcio Mendes; o secret\u00e1rio de Governo, Jos\u00e9 Humberto Pires; o chefe de Gabinete do Governador, Sebasti\u00e3o Albuquerque; o secret\u00e1rio-chefe da Casa Civil, Rolf Costa Vidal; o procurador-geral do Estado, Nivair Vieira Borges; o secret\u00e1rio-chefe da Governadoria, Divino Allan Siqueira; e o procurador do Munic\u00edpio de Palmas, Mauro Ribas.<\/p>\n","protected":false},"excerpt":{"rendered":"<p>A prefeita de Palmas, Cinthia Ribeiro, foi recebida pelo governador do Estado, Mauro Carlesse, nesta quinta-feira, 18, para tratar da agenda de enfrentamento da pandemia do novo coronav\u00edrus. No encontro, realizado no Pal\u00e1cio Araguaia, os gestores conversaram sobre as demandas que podem ser solucionadas por meio de um trabalho conjunto entre os Executivos Estadual e [&hellip;]<\/p>\n","protected":false},"author":2,"featured_media":7892,"comment_status":"open","ping_status":"open","sticky":false,"template":"","format":"standard","meta":[],"categories":[3],"tags":[13],"_links":{"self":[{"href":"https:\/\/dgospel.com.br\/portal\/index.php\/wp-json\/wp\/v2\/posts\/7891"}],"collection":[{"href":"https:\/\/dgospel.com.br\/portal\/index.php\/wp-json\/wp\/v2\/posts"}],"about":[{"href":"https:\/\/dgospel.com.br\/portal\/index.php\/wp-json\/wp\/v2\/types\/post"}],"author":[{"embeddable":true,"href":"https:\/\/dgospel.com.br\/portal\/index.php\/wp-json\/wp\/v2\/users\/2"}],"replies":[{"embeddable":true,"href":"https:\/\/dgospel.com.br\/portal\/index.php\/wp-json\/wp\/v2\/comments?post=7891"}],"version-history":[{"count":1,"href":"https:\/\/dgospel.com.br\/portal\/index.php\/wp-json\/wp\/v2\/posts\/7891\/revisions"}],"predecessor-version":[{"id":7893,"href":"https:\/\/dgospel.com.br\/portal\/index.php\/wp-json\/wp\/v2\/posts\/7891\/revisions\/7893"}],"wp:featuredmedia":[{"embeddable":true,"href":"https:\/\/dgospel.com.br\/portal\/index.php\/wp-json\/wp\/v2\/media\/7892"}],"wp:attachment":[{"href":"https:\/\/dgospel.com.br\/portal\/index.php\/wp-json\/wp\/v2\/media?parent=7891"}],"wp:term":[{"taxonomy":"category","embeddable":true,"href":"https:\/\/dgospel.com.br\/portal\/index.php\/wp-json\/wp\/v2\/categories?post=7891"},{"taxonomy":"post_tag","embeddable":true,"href":"https:\/\/dgospel.com.br\/portal\/index.php\/wp-json\/wp\/v2\/tags?post=7891"}],"curies":[{"name":"wp","href":"https:\/\/api.w.org\/{rel}","templated":true}]}}