{"id":7894,"date":"2021-03-19T18:19:30","date_gmt":"2021-03-19T21:19:30","guid":{"rendered":"http:\/\/dgospel.com.br\/portal\/?p=7894"},"modified":"2021-03-19T18:19:32","modified_gmt":"2021-03-19T21:19:32","slug":"petrobras-anuncia-reducao-do-preco-da-gasolina","status":"publish","type":"post","link":"https:\/\/dgospel.com.br\/portal\/index.php\/2021\/03\/19\/petrobras-anuncia-reducao-do-preco-da-gasolina\/","title":{"rendered":"Petrobras anuncia redu\u00e7\u00e3o do pre\u00e7o da gasolina"},"content":{"rendered":"\n<p>A Petrobras informou \u00e0s distribuidoras de combust\u00edveis que vai reduzir o pre\u00e7o da gasolina nas refinarias em R$ 0,1420 o litro, a partir do s\u00e1bado (20), em todas as suas refinarias de maneira linear.<\/p>\n\n\n\n<p>J\u00e1 o pre\u00e7o do diesel ficou inalterado, disse o presidente da Associa\u00e7\u00e3o Brasileira dos Importadores de Combust\u00edveis (Abicom), S\u00e9rgio Ara\u00fajo.<\/p>\n\n\n\n<p>Segundo a Petrobras, o pre\u00e7o final na refinaria passa a ser de R$ 2,69 pelo litro da gasolina.<\/p>\n\n\n\n<p>A queda reflete o comportamento do pre\u00e7o do petr\u00f3leo no mercado internacional, que tem se mostrado mais vol\u00e1til nos \u00faltimos dias e perdeu a for\u00e7a demonstrada no in\u00edcio de mar\u00e7o, quando chegou bem perto dos US$ 70 o barril, o tipo Brent. Nesta sexta-feira (19), a commodity operava em torno dos US$ 63 o barril.<\/p>\n\n\n\n<p>A Ativa Investimentos ressaltou que, pela primeira vez em 2021, o modelo de acompanhamento da defasagem no pre\u00e7o da gasolina apresentou potencial de redu\u00e7\u00e3o.<\/p>\n\n\n\n<p>Desde 16 de dezembro at\u00e9 agora, foram anunciadas 7 eleva\u00e7\u00f5es do pre\u00e7o do combust\u00edvel na refinaria. A \u00faltima baixa anunciada foi em 3 de dezembro.<\/p>\n\n\n\n<p>\u2013 Hoje, a defasagem no pre\u00e7o da gasolina internacional em rela\u00e7\u00e3o \u00e0 gasolina dom\u00e9stica se inverteu, e, no momento, o combust\u00edvel brasileiro est\u00e1 mais caro do que no mercado internacional. Por isso, entendemos que haja espa\u00e7o para uma redu\u00e7\u00e3o de at\u00e9 5% no pre\u00e7o da gasolina pela Petrobras no curto prazo \u2013 explica o economista da Ativa, Guilherme Sousa.<\/p>\n\n\n\n<p>*Estad\u00e3o<\/p>\n","protected":false},"excerpt":{"rendered":"<p>A Petrobras informou \u00e0s distribuidoras de combust\u00edveis que vai reduzir o pre\u00e7o da gasolina nas refinarias em R$ 0,1420 o litro, a partir do s\u00e1bado (20), em todas as suas refinarias de maneira linear. J\u00e1 o pre\u00e7o do diesel ficou inalterado, disse o presidente da Associa\u00e7\u00e3o Brasileira dos Importadores de Combust\u00edveis (Abicom), S\u00e9rgio Ara\u00fajo. Segundo [&hellip;]<\/p>\n","protected":false},"author":2,"featured_media":7895,"comment_status":"open","ping_status":"open","sticky":false,"template":"","format":"standard","meta":[],"categories":[4],"tags":[14],"_links":{"self":[{"href":"https:\/\/dgospel.com.br\/portal\/index.php\/wp-json\/wp\/v2\/posts\/7894"}],"collection":[{"href":"https:\/\/dgospel.com.br\/portal\/index.php\/wp-json\/wp\/v2\/posts"}],"about":[{"href":"https:\/\/dgospel.com.br\/portal\/index.php\/wp-json\/wp\/v2\/types\/post"}],"author":[{"embeddable":true,"href":"https:\/\/dgospel.com.br\/portal\/index.php\/wp-json\/wp\/v2\/users\/2"}],"replies":[{"embeddable":true,"href":"https:\/\/dgospel.com.br\/portal\/index.php\/wp-json\/wp\/v2\/comments?post=7894"}],"version-history":[{"count":1,"href":"https:\/\/dgospel.com.br\/portal\/index.php\/wp-json\/wp\/v2\/posts\/7894\/revisions"}],"predecessor-version":[{"id":7896,"href":"https:\/\/dgospel.com.br\/portal\/index.php\/wp-json\/wp\/v2\/posts\/7894\/revisions\/7896"}],"wp:featuredmedia":[{"embeddable":true,"href":"https:\/\/dgospel.com.br\/portal\/index.php\/wp-json\/wp\/v2\/media\/7895"}],"wp:attachment":[{"href":"https:\/\/dgospel.com.br\/portal\/index.php\/wp-json\/wp\/v2\/media?parent=7894"}],"wp:term":[{"taxonomy":"category","embeddable":true,"href":"https:\/\/dgospel.com.br\/portal\/index.php\/wp-json\/wp\/v2\/categories?post=7894"},{"taxonomy":"post_tag","embeddable":true,"href":"https:\/\/dgospel.com.br\/portal\/index.php\/wp-json\/wp\/v2\/tags?post=7894"}],"curies":[{"name":"wp","href":"https:\/\/api.w.org\/{rel}","templated":true}]}}