{"id":7897,"date":"2021-03-19T18:34:21","date_gmt":"2021-03-19T21:34:21","guid":{"rendered":"http:\/\/dgospel.com.br\/portal\/?p=7897"},"modified":"2021-03-19T18:34:54","modified_gmt":"2021-03-19T21:34:54","slug":"assembleia-geral-da-cgadb-que-seria-em-abril-e-adiada","status":"publish","type":"post","link":"https:\/\/dgospel.com.br\/portal\/index.php\/2021\/03\/19\/assembleia-geral-da-cgadb-que-seria-em-abril-e-adiada\/","title":{"rendered":"Assembleia Geral da CGADB, que seria em abril, \u00e9 adiada"},"content":{"rendered":"\n<p>Em reuni\u00e3o realizada nesta quinta-feira, 18 de mar\u00e7o, a Mesa Diretora da Conven\u00e7\u00e3o Geral dos Ministros das Igrejas Evang\u00e9licas Assembleias de Deus no Brasil (CGADB) decidiu adiar a realiza\u00e7\u00e3o de sua 45<sup>a<\/sup>\u00a0Assembleia Geral Ordin\u00e1ria (AGO), que ocorreria de 19 a 23 de abril deste ano no Grande Templo da Assembleia de Deus em Cuiab\u00e1 (MT). O evento foi adiado para 18 a 21 de abril de 2022.<\/p>\n\n\n\n<p>Veja abaixo, detalhes da decis\u00e3o na nota oficial e resolu\u00e7\u00e3o da Mesa Diretora expedidas tamb\u00e9m em 18 de mar\u00e7o e publicadas no site da entidade (<a href=\"http:\/\/www.cgadb.org.br\/\" target=\"_blank\" rel=\"noreferrer noopener\">www.cgadb.org.br<\/a>).<\/p>\n\n\n\n<p><strong>NOTA OFICIAL<\/strong><\/p>\n\n\n\n<p>CGADB, mais perto de voc\u00ea<\/p>\n\n\n\n<p>Prezados Ministros, irm\u00e3os em Cristo Jesus!<\/p>\n\n\n\n<p><em>\u201cAlegrai-vos na esperan\u00e7a, sede pacientes na tribula\u00e7\u00e3o, perseverai na ora\u00e7\u00e3o\u201d, Rm 12.12<\/em><\/p>\n\n\n\n<p>Antes de mais nada, a CGADB, atrav\u00e9s de sua Mesa Diretora, transmite ao povo brasileiro e, em especial, a seus membros enlutados, as mais sinceras condol\u00eancias, crendo, acima de tudo, que servimos ao \u201cPai das miseric\u00f3rdias e o Deus de toda a consola\u00e7\u00e3o\u201d.<\/p>\n\n\n\n<p>Um dos eventos mais aguardados por todos n\u00f3s \u00e9 a realiza\u00e7\u00e3o da 45\u00aa Assembleia Geral, at\u00e9 ent\u00e3o convocada para os dias 19 a 23 de abril de 2021, em Cuiab\u00e1-MT, presencialmente. Ardentemente desejado, pois significa um momento de congra\u00e7amento, uni\u00e3o e enriquecimento atrav\u00e9s da troca de experi\u00eancias, ocasi\u00e3o tamb\u00e9m em que s\u00e3o escolhidos e empossados os diretores da MD e Confisc, Conselheiros da CPAD, diretores dos demais \u00f3rg\u00e3os e pessoas jur\u00eddicas como Emad, Senami e RAE.<\/p>\n\n\n\n<p>Todavia, impactados pela grave crise provocada pela pandemia do Sars-CoV-2 e suas variantes, e, considerando o agravamento do atual quadro sanit\u00e1rio; as dificuldades para deslocamento dos convencionais; a crise no atendimento dos servi\u00e7os m\u00e9dicos; leis, normas e decis\u00f5es judiciais que tem impedido a realiza\u00e7\u00e3o de eventos presenciais, a Mesa Diretora da CGADB concluiu que tornou-se imposs\u00edvel a realiza\u00e7\u00e3o da Assembleia Geral como desej\u00e1vamos e, ap\u00f3s ora\u00e7\u00e3o, reflex\u00e3o e consulta aos seus membros atuais, decidimos e lhes comunicamos que:<\/p>\n\n\n\n<p>1) Fica adiada a realiza\u00e7\u00e3o das reuni\u00f5es presenciais agendadas para abril de 2021, sendo reagendadas para 18 a 21 de abril de 2022, em Cuiab\u00e1-MT.&nbsp;<\/p>\n\n\n\n<p>2) Para que a CGADB, o Conselho Administrativo da CPAD e as pessoas jur\u00eddicas controladas n\u00e3o sofram solu\u00e7\u00e3o de continuidade, fica mantida a primeira sess\u00e3o da 45\u00aa AGO, que se realizar\u00e1 de forma on-line, no dia 20 de abril de 2021, das 09h00 \u00e0s 17h00, onde ser\u00e1 encerrado o processo eleitoral com a posse da \u00fanica chapa concorrente da MD e do Confisc, bem como a nomea\u00e7\u00e3o e posse dos integrantes do Conselho Administrativo da CPAD e das pessoas jur\u00eddicas controladas Emad, Senami e RAE.<\/p>\n\n\n\n<p>3) Em momento posterior ser\u00e1 divulgado a forma de acesso dos convencionais \u00e0 dita reuni\u00e3o on-line.<\/p>\n\n\n\n<p>4) A continuidade das demais sess\u00f5es e trabalhos da 45\u00aa AGO, ocorrer\u00e1 no per\u00edodo de 18 a 21 de abril de 2022, na Cidade de Cuiab\u00e1-MT, previstas para a forma presencial.<\/p>\n\n\n\n<p>Em Cristo Jesus,<\/p>\n\n\n\n<p>Pastor Jos\u00e9 Wellington Costa Junior<br>Presidente<\/p>\n\n\n\n<p>&#8211;<\/p>\n\n\n\n<p><strong>RESOLU\u00c7\u00c3O DA PRESID\u00caNCIA E DA MESA DIRETORA DA CONVEN\u00c7\u00c3O GERAL DOS MINISTROS DAS IGREJAS EVANG\u00c9LICAS ASSEMBLEIA DO BRASIL &#8211; CGADB&nbsp;<\/strong><\/p>\n\n\n\n<p>O Presidente e a Mesa Diretora da CONVEN\u00c7\u00c3O GERAL DOS MINISTROS DAS IGREJAS EVANG\u00c9LICAS ASSEMBLEIA DE DEUS DO BRASIL \u2013 CGADB, no uso de suas atribui\u00e7\u00f5es estatut\u00e1rias estabelecidas no artigo 43, I, do estatuto social, reunidos nesta data com os membros da Mesa Diretora, e<\/p>\n\n\n\n<p>CONSIDERANDO<\/p>\n\n\n\n<p>&#8211; o Decreto do Governo do Estado do Mato Grosso n\u00ba 836, de 01 de mar\u00e7o de 2021, que atualizou \u201cas medidas restritivas para conter a dissemina\u00e7\u00e3o da Covid-19 em todo territ\u00f3rio mato-grossense\u201d;<\/p>\n\n\n\n<p>&#8211; o Decreto da Prefeitura Municipal de Cuiab\u00e1 8.321\/2021 que estendeu a vig\u00eancia da situa\u00e7\u00e3o de emerg\u00eancia em \u00e2mbito municipal \u201cenquanto perdurar a declara\u00e7\u00e3o de Emerg\u00eancia em Sa\u00fade P\u00fablica de Import\u00e2ncia Internacional (ESPII) editada pela Organiza\u00e7\u00e3o Mundial de Sa\u00fade \u2013 OMS\u201d;<\/p>\n\n\n\n<p>&#8211; a expedi\u00e7\u00e3o, pela Prefeitura de Cuiab\u00e1, do Of\u00edcio GP n\u00ba 404\/2021 endere\u00e7ado ao Pr. Silas Paulo Souza, sugerindo a suspens\u00e3o do evento agendado para o m\u00eas de abril nessa capital;<\/p>\n\n\n\n<p>&#8211; a decis\u00e3o judicial, em 15.03.2021, no processo 0004747-71.2017.8.19.0202, da 1\u00aa Vara C\u00edvel no Foro Regional de Madureira-RJ, recomendando a realiza\u00e7\u00e3o de sess\u00f5es on-line;<\/p>\n\n\n\n<p>&#8211; o agravamento da situa\u00e7\u00e3o da pandemia da COVID-19, com o aumento dos casos de infec\u00e7\u00e3o;<\/p>\n\n\n\n<p>&#8211; a descoberta de novas variantes do Sars-CoV-2, como a B.1.17, a B.1.351 e a P1, que possuem muta\u00e7\u00f5es ligadas a uma maior transmissibilidade, gravidade da doen\u00e7a ou evas\u00e3o parcial da resposta imunol\u00f3gica dos infectados;<\/p>\n\n\n\n<p>&#8211; a atual taxa de ocupa\u00e7\u00e3o dos leitos hospitalares, tanto enfermaria quanto UTI no munic\u00edpio de Cuiab\u00e1;<\/p>\n\n\n\n<p>&#8211; que cada estado e munic\u00edpio pode adotar medidas de restri\u00e7\u00e3o \u00e0 locomo\u00e7\u00e3o local durante o estado de emerg\u00eancia decorrente da pandemia da COVID-19;<\/p>\n\n\n\n<p>&#8211; a necessidade de implementa\u00e7\u00e3o de medidas de biosseguran\u00e7a para evitar o cont\u00e1gio pelo Sars-CoV-2;<\/p>\n\n\n\n<p>&#8211; o recrudescimento das restri\u00e7\u00f5es a viagens nacionais e internacionais;<\/p>\n\n\n\n<p>&#8211; as disposi\u00e7\u00f5es contidas nos arts. 34, 42; 43; I, II e VI, XII; 44, II; e art. 56 do estatuto social da CGADB;<\/p>\n\n\n\n<p>&#8211; a indispensabilidade de realiza\u00e7\u00e3o da 45\u00aa Assembleia Geral Ordin\u00e1ria em raz\u00e3o do disposto no artigo 37, II, do estatuto social, que determina a renova\u00e7\u00e3o quadrienal dos mandatos dos integrantes da Mesa Diretora e Conselho Fiscal, bem como a nomea\u00e7\u00e3o dos integrantes dos \u00f3rg\u00e3os n\u00e3o eletivos para os exerc\u00edcios sociais de 2021\/2025;<\/p>\n\n\n\n<p>&#8211; a exist\u00eancia de chapa \u00fanica para o pleito eleitoral de 2021 e, por conseguinte, a n\u00e3o realiza\u00e7\u00e3o de vota\u00e7\u00e3o on-line para elei\u00e7\u00e3o da Mesa Diretora e do Conselho Fiscal;<\/p>\n\n\n\n<p>&#8211; a possibilidade jur\u00eddica e estatut\u00e1ria para a realiza\u00e7\u00e3o das demais sess\u00f5es, na forma presencial e livre da pandemia, em data posterior a ser designada pela MD da CGADB, atrav\u00e9s de aditivo ao ato convocat\u00f3rio.<\/p>\n\n\n\n<p><strong>RESOLVEM,<\/strong><\/p>\n\n\n\n<p>Art. 1\u00ba. Determinar, com base nos artigos 43, I e 44, II, do estatuto social, o adiamento de todas as reuni\u00f5es e cultos presenciais na 45\u00aa AGO, previstos para 19 a 23 de abril de 2021, em Cuiab\u00e1-MT, conforme informado pelo edital de convoca\u00e7\u00e3o, publicado em 01 de junho de 2020.&nbsp;<\/p>\n\n\n\n<p>Par\u00e1grafo \u00fanico. De igual maneira, ficam adiadas as atividades presenciais da UNEMAD, CONSELHO NACIONAL DA JUVENTUDE, IMPACTAR, ENCONTRO DE FILHOS DE PASTORES e cultos previstos para o evento.<\/p>\n\n\n\n<p>Art. 2\u00ba. Para garantir que n\u00e3o haja solu\u00e7\u00e3o de continuidade na administra\u00e7\u00e3o da CGADB e das demais pessoas jur\u00eddicas controladas, tamb\u00e9m determinar:<\/p>\n\n\n\n<p>I \u2013 a realiza\u00e7\u00e3o da primeira sess\u00e3o, na data e hor\u00e1rio determinados no Edital de Convoca\u00e7\u00e3o, de forma on-line, a ser aberta no dia 20 de abril de 2021, no hor\u00e1rio publicado no mencionado ato convocat\u00f3rio, em local adequado a ser posteriormente determinado;<\/p>\n\n\n\n<p>II \u2013 a invers\u00e3o da pauta da 45\u00aa AGO, com fundamento no artigo 3\u00ba do regimento interno, garantindo, assim, a aclama\u00e7\u00e3o e posse da \u00fanica chapa inscrita para o pleito (Mesa Diretora e Conselho Fiscal) e dos dirigentes das pessoas jur\u00eddicas controladas (Casa Publicadora das Assembleias de Deus \u2013 CPAD, Rede Assembleiana de Ensino &#8211; RAE, Senami e Emad), bem como a aprecia\u00e7\u00e3o e delibera\u00e7\u00e3o sobre as contas e demonstrativos dos \u00f3rg\u00e3os e das pessoas jur\u00eddicas controladas com parecer pr\u00e9vio do Confisc, relativos ao bi\u00eanio 2019\/2020.<\/p>\n\n\n\n<p>\u00a7 1\u00ba Determinar, ap\u00f3s a realiza\u00e7\u00e3o da sess\u00e3o determinada no inciso I, a suspens\u00e3o\/adiamento das demais sess\u00f5es assembleares previstas no Edital de Convoca\u00e7\u00e3o de 01 de junho de 2020, que ser\u00e3o realizadas no per\u00edodo de 18 a 21 de abril de 2022, na Cidade de Cuiab\u00e1-MT, atrav\u00e9s de espec\u00edfico adicional ao Ato Convocat\u00f3rio.<\/p>\n\n\n\n<p>\u00a7 2\u00ba Recomendar \u00e0 Comiss\u00e3o Eleitoral tanto a expedi\u00e7\u00e3o quanto o aditamento de atos normativos eleitorais visando atender ao disposto na presente resolu\u00e7\u00e3o.<br>Art. 3\u00ba. Instituir, na forma do art. 44, V, do Estatuto Social, Comiss\u00e3o Especial com o objetivo de estudar, identificar e avaliar as medidas necess\u00e1rias para a implementa\u00e7\u00e3o da realiza\u00e7\u00e3o on-line das sess\u00f5es assembleares.<\/p>\n\n\n\n<p>\u00a7 1\u00ba. A referida Comiss\u00e3o dever\u00e1 ser composta pelos seguintes membros:<\/p>\n\n\n\n<p>I \u2013 Da Mesa Diretora \u2013 Pr. Elienai Cabral.<\/p>\n\n\n\n<p>II \u2013 Da Secretaria da CGADB \u2013 Pr. Alexandre Flor\u00eancio Junior.<\/p>\n\n\n\n<p>III \u2013 Da Comiss\u00e3o Jur\u00eddica \u2013 Pr. Abiezer Apolin\u00e1rio da Silva.<\/p>\n\n\n\n<p>IV \u2013 Da Tesouraria \u2013 Pr. Alvaro Alen Sanches.<\/p>\n\n\n\n<p>V \u2013 Da \u00e1rea da Tecnologia da Informa\u00e7\u00e3o (TI) \u2013 Edson Almeida Junior.<\/p>\n\n\n\n<p>\u00a7 2\u00ba A presid\u00eancia da Comiss\u00e3o dever\u00e1 ser exercida pelo Pastor Elienai Cabral.&nbsp;<\/p>\n\n\n\n<p>\u00a7 3\u00ba A participa\u00e7\u00e3o na Comiss\u00e3o Especial ser\u00e1 considerada servi\u00e7o volunt\u00e1rio, n\u00e3o remunerado e sem v\u00ednculo empregat\u00edcio.<\/p>\n\n\n\n<p>Art. 4\u00ba. \u00c9 compet\u00eancia da Comiss\u00e3o Especial:<\/p>\n\n\n\n<p>I \u2013 Identificar as necessidades e as medidas necess\u00e1rias para a realiza\u00e7\u00e3o da primeira sess\u00e3o da Assembleia Geral de forma virtual ou on-line, de forma a garantir a participa\u00e7\u00e3o dos convencionais inscritos;<\/p>\n\n\n\n<p>II \u2013 Propor medidas que viabilizem a implementa\u00e7\u00e3o das medidas t\u00e9cnicas e administrativas, visando a realiza\u00e7\u00e3o de uma ou de todas as sess\u00f5es de forma virtual ou on-line;<\/p>\n\n\n\n<p>III \u2013 Caso necess\u00e1rio, contatar e obter or\u00e7amentos de empresas que possam viabilizar a realiza\u00e7\u00e3o do evento de forma virtual ou on-line<\/p>\n\n\n\n<p>Art. 5\u00ba. S\u00e3o deveres da Comiss\u00e3o Especial:<\/p>\n\n\n\n<p>I \u2013 Realizar todas as suas atividades em concord\u00e2ncia com o aqui determinado, bem como as orienta\u00e7\u00f5es da Mesa Diretora;<\/p>\n\n\n\n<p>II \u2013 Guardar sigilo das atividades desenvolvidas.<\/p>\n\n\n\n<p>Art. 6\u00ba. A indica\u00e7\u00e3o dos membros dos demais \u00f3rg\u00e3os e comiss\u00f5es para o per\u00edodo 2021-2025, crendo na mudan\u00e7a da atual situa\u00e7\u00e3o epid\u00eamica, se dar\u00e1 por ocasi\u00e3o da realiza\u00e7\u00e3o da AGO previstas para os dias 18 a 21 de abril de 2022, em Cuiab\u00e1-MT, mesmo local estabelecido no ato convocat\u00f3rio.<\/p>\n\n\n\n<p>Art. 7\u00ba. Sugerir aos membros inscritos que utilizem a legisla\u00e7\u00e3o espec\u00edfica da pandemia, para obterem modifica\u00e7\u00f5es nas reservas j\u00e1 efetuadas nos transportes e locais de hospedagem.<\/p>\n\n\n\n<p>Art. 8\u00ba. Determinar a presen\u00e7a, de forma virtual, de todos os candidatos eleitos e componentes de \u00f3rg\u00e3os e de pessoas jur\u00eddicas controladas designados para serem empossados nos respectivos cargos, os quais assinar\u00e3o digitalmente termo de posse, nos termos da legisla\u00e7\u00e3o em vigor.<\/p>\n\n\n\n<p>Art. 9\u00ba. Em raz\u00e3o da posse on-line, na primeira sess\u00e3o de 20 de abril de 2021, dos integrantes MD, Confisc, do Conselho Administrativo da CPAD e das pessoas jur\u00eddicas controladas CPAD, Emad, Senami e RAE, fica expressamente consignado que os ocupantes de cargos nos demais conselhos e comiss\u00f5es permanecer\u00e3o em seus cargos at\u00e9 a pr\u00f3xima nomea\u00e7\u00e3o e respectiva posse, que se dar\u00e1 no per\u00edodo de 18 a 21 de abril de 2022.&nbsp;<\/p>\n\n\n\n<p>Art. 10. Em raz\u00e3o das rigorosas determina\u00e7\u00f5es legais de restri\u00e7\u00e3o, o comparecimento dos membros ser\u00e1 restringido e somente ser\u00e3o admitidos aos atos presenciais os que forem convidados e designados pela Presid\u00eancia, sendo obrigat\u00f3ria a ado\u00e7\u00e3o das medidas sanit\u00e1rias pertinentes, como distanciamento entre os presentes, aferi\u00e7\u00e3o de temperatura corporal, m\u00e1scara facial que cubra a boca e nariz, bem como o registro dos dados de cada um dos admitidos no recinto em planilha individual que conter\u00e1 a transcri\u00e7\u00e3o dos seus dados pessoais.<\/p>\n\n\n\n<p>S\u00e3o Paulo, SP, 18 de mar\u00e7o de 2021<\/p>\n\n\n\n<p>Pastor Jos\u00e9 Wellington Costa Junior<br>Presidente<\/p>\n\n\n\n<p><em>Reda\u00e7\u00e3o CPADNews<\/em><br><\/p>\n","protected":false},"excerpt":{"rendered":"<p>Em reuni\u00e3o realizada nesta quinta-feira, 18 de mar\u00e7o, a Mesa Diretora da Conven\u00e7\u00e3o Geral dos Ministros das Igrejas Evang\u00e9licas Assembleias de Deus no Brasil (CGADB) decidiu adiar a realiza\u00e7\u00e3o de sua 45a\u00a0Assembleia Geral Ordin\u00e1ria (AGO), que ocorreria de 19 a 23 de abril deste ano no Grande Templo da Assembleia de Deus em Cuiab\u00e1 (MT). [&hellip;]<\/p>\n","protected":false},"author":2,"featured_media":7898,"comment_status":"open","ping_status":"open","sticky":false,"template":"","format":"standard","meta":[],"categories":[5],"tags":[13],"_links":{"self":[{"href":"https:\/\/dgospel.com.br\/portal\/index.php\/wp-json\/wp\/v2\/posts\/7897"}],"collection":[{"href":"https:\/\/dgospel.com.br\/portal\/index.php\/wp-json\/wp\/v2\/posts"}],"about":[{"href":"https:\/\/dgospel.com.br\/portal\/index.php\/wp-json\/wp\/v2\/types\/post"}],"author":[{"embeddable":true,"href":"https:\/\/dgospel.com.br\/portal\/index.php\/wp-json\/wp\/v2\/users\/2"}],"replies":[{"embeddable":true,"href":"https:\/\/dgospel.com.br\/portal\/index.php\/wp-json\/wp\/v2\/comments?post=7897"}],"version-history":[{"count":2,"href":"https:\/\/dgospel.com.br\/portal\/index.php\/wp-json\/wp\/v2\/posts\/7897\/revisions"}],"predecessor-version":[{"id":7900,"href":"https:\/\/dgospel.com.br\/portal\/index.php\/wp-json\/wp\/v2\/posts\/7897\/revisions\/7900"}],"wp:featuredmedia":[{"embeddable":true,"href":"https:\/\/dgospel.com.br\/portal\/index.php\/wp-json\/wp\/v2\/media\/7898"}],"wp:attachment":[{"href":"https:\/\/dgospel.com.br\/portal\/index.php\/wp-json\/wp\/v2\/media?parent=7897"}],"wp:term":[{"taxonomy":"category","embeddable":true,"href":"https:\/\/dgospel.com.br\/portal\/index.php\/wp-json\/wp\/v2\/categories?post=7897"},{"taxonomy":"post_tag","embeddable":true,"href":"https:\/\/dgospel.com.br\/portal\/index.php\/wp-json\/wp\/v2\/tags?post=7897"}],"curies":[{"name":"wp","href":"https:\/\/api.w.org\/{rel}","templated":true}]}}