{"id":7901,"date":"2021-03-19T18:40:40","date_gmt":"2021-03-19T21:40:40","guid":{"rendered":"http:\/\/dgospel.com.br\/portal\/?p=7901"},"modified":"2021-03-19T18:40:42","modified_gmt":"2021-03-19T21:40:42","slug":"forcas-de-seguranca-do-governo-do-tocantins-realizam-primeira-forca-tarefa-da-operacao-tolerancia-zero","status":"publish","type":"post","link":"https:\/\/dgospel.com.br\/portal\/index.php\/2021\/03\/19\/forcas-de-seguranca-do-governo-do-tocantins-realizam-primeira-forca-tarefa-da-operacao-tolerancia-zero\/","title":{"rendered":"For\u00e7as de seguran\u00e7a do Governo do Tocantins realizam primeira for\u00e7a-tarefa da Opera\u00e7\u00e3o Toler\u00e2ncia Zero"},"content":{"rendered":"\n<p>O Governo do Tocantins, por meio de equipes da Pol\u00edcia Militar, Seguran\u00e7a P\u00fablica, Corpo de Bombeiros Militar, Cidadania e Justi\u00e7a, Departamento Nacional de Tr\u00e2nsito (Detran-TO) e Vigil\u00e2ncia Sanit\u00e1ria, iniciou na noite desta quinta-feira, 18, a primeira for\u00e7a-tarefa da Opera\u00e7\u00e3o Toler\u00e2ncia Zero contra a Covid-19, em Aragua\u00edna, Gurupi e Palmas.<\/p>\n\n\n\n<p>A a\u00e7\u00e3o faz parte de um pacote de medidas que pro\u00edbe a realiza\u00e7\u00e3o de eventos de qualquer natureza e recomenda que o com\u00e9rcio essencial estenda seu hor\u00e1rio de funcionamento dentro do per\u00edodo de 6 horas \u00e0 meia-noite. A opera\u00e7\u00e3o visa desarticular qualquer forma de aglomera\u00e7\u00e3o de pessoas e atuar\u00e1 de maneira a garantir o cumprimento do decreto estadual.<\/p>\n\n\n\n<p>Na primeira noite, as equipes de seguran\u00e7a percorreram as principais ruas comerciais, pontos mapeados e locais onde foram feitas den\u00fancias de aglomera\u00e7\u00e3o por meio do 190. Durante a opera\u00e7\u00e3o, foram realizadas notifica\u00e7\u00f5es em estabelecimentos como mercados e distribuidoras, onde os propriet\u00e1rios foram orientados sobre os riscos de contamina\u00e7\u00e3o se os protocolos estabelecidos pelo Minist\u00e9rio da Sa\u00fade e Secretaria de Estado da Sa\u00fade (SES) .<\/p>\n\n\n\n<p>Tamb\u00e9m foram realizadas abordagens e orienta\u00e7\u00f5es a cidad\u00e3os que foram vistos em suspeita a desobedecer ao decreto.<\/p>\n\n\n\n<p>O secret\u00e1rio de Seguran\u00e7a P\u00fablica, Cristiano Sampaio pede que a popula\u00e7\u00e3o se conscientize.&nbsp; &#8220;As for\u00e7as de seguran\u00e7a p\u00fablica estar\u00e3o empenhadas em fazer cumprir o decreto em todo o Estado, identificando e trabalhando para que n\u00e3o haja aglomera\u00e7\u00f5es. Mas o mais importante \u00e9 que a popula\u00e7\u00e3o se conscientize que cada um deve fazer sua parte, para evitar a dissemina\u00e7\u00e3o do v\u00edrus&#8221;, afirmou.<\/p>\n\n\n\n<p>Para o comandante-geral da PMTO, Coronel J\u00falio Manoel da Silva Neto, ser\u00e3o opera\u00e7\u00f5es realizadas de forma conjunta. \u201cA Pol\u00edcia Militar estar\u00e1 atuante na For\u00e7a Tarefa Toler\u00e2ncia Zero, operando em conjunto com as demais for\u00e7as de seguran\u00e7a, orientando a popula\u00e7\u00e3o e fiscalizando o cumprimento do decreto que visa t\u00e3o somente a seguran\u00e7a e a sa\u00fade da popula\u00e7\u00e3o do nosso Estado\u201d, ressaltou Silva Neto.<\/p>\n\n\n\n<p>J\u00e1 o comandante-geral do Corpo de Bombeiros, Reginaldo Leandro, tamb\u00e9m destacou a parceria entre as for\u00e7as de seguran\u00e7a do Tocantins.&nbsp; \u201cEstaremos em con<\/p>\n\n\n\n<p>junto com a Pol\u00edcia Militar, Pol\u00edcia Civil e Secretaria da Cidadania e Justi\u00e7a desenvolvendo a opera\u00e7\u00e3o Toler\u00e2ncia Zero. A nossa corpora\u00e7\u00e3o, o Corpo de Bombeiros verificar\u00e1 a quest\u00e3o da regularidade de estabelecimentos que estejam abertos, se eles est\u00e3o em conformidade com alvar\u00e1 do corpo de bombeiros e n\u00e3o havendo regularidade o estabelecimento ser\u00e1 fechado. Claro que estamos falando de ambientes onde estejam acontecendo aglomera\u00e7\u00f5es\u201d.<\/p>\n\n\n\n<p>Para o secret\u00e1rio Heber Fidelis, gestor da Secretaria da Cidadania e Justi\u00e7a, \u201cenquanto pasta integrante das For\u00e7as de Seguran\u00e7a do Estado, temos o compromisso com a sociedade e estamos, por meio da Superintend\u00eancia de Prote\u00e7\u00e3o aos Direitos do Consumidor (Procon), compondo a For\u00e7a Tarefa \u2018Toler\u00e2ncia Zero\u2019, impedindo a realiza\u00e7\u00e3o de eventos ou cessando aglomera\u00e7\u00f5es, inclusive em espa\u00e7os empresariais. Com isso, garantiremos o cumprimento do Decreto Estadual e evitaremos a propaga\u00e7\u00e3o do Novo Coronav\u00edrus, preservando a sa\u00fade e a vida dos tocantinenses\u201d, afirmou.<\/p>\n\n\n\n<p><strong>Acompanhamento<\/strong><\/p>\n\n\n\n<p>A Secretaria de Estado da Seguran\u00e7a P\u00fablica (SSP) realiza em tempo real um monitoramento sistematizado com a finalidade de identificar locais com indicativo de grande concentra\u00e7\u00e3o de pessoas. Para isso, a Secretaria poder\u00e1 fazer o acompanhamento de aparelhos celulares, redes sociais, aplicativos de transporte ou outro meio que permita o georreferenciamento, preservando a privacidade dos usu\u00e1rios.<\/p>\n\n\n\n<p>As equipes da PM tamb\u00e9m monitoram os munic\u00edpios por meio de viaturas e redes sociais. As den\u00fancias podem ser realizadas pelo 190.<\/p>\n\n\n\n<p><strong>Puni\u00e7\u00e3o<\/strong><\/p>\n\n\n\n<p>As puni\u00e7\u00f5es para a pessoa f\u00edsica ser\u00e3o advert\u00eancia e multa fixada entre R$ 50 e R$ 2 mil e para pessoas jur\u00eddicas multa no valor m\u00ednimo de R$ 500 podendo chegar a R$ 20 mil; al\u00e9m de advert\u00eancia, interdi\u00e7\u00e3o parcial ou total do estabelecimento, cancelamento de autoriza\u00e7\u00e3o para funcionamento de empresa e cancelamento do alvar\u00e1 de licenciamento do estabelecimento.<\/p>\n\n\n\n<p><strong>Apoio<\/strong><\/p>\n\n\n\n<p>Na capital, a For\u00e7a-tarefa tamb\u00e9m contou com apoio da Guarda Metropolitana de Palmas (GMP) e Secretaria Municipal de Seguran\u00e7a e Mobilidade Urbana de Palmas (Sesmu), Vigil\u00e2ncia Sanit\u00e1ria, e Fiscaliza\u00e7\u00e3o de Obras e Posturas.<\/p>\n\n\n\n<p><strong>Balan\u00e7o<\/strong><\/p>\n\n\n\n<p>Nesta primeira noite, nas cidades do Estado onde ocorreram a for\u00e7a tarefa, nenhum flagrante de aglomera\u00e7\u00e3o foi feito pelas equipes, mesmo onde houve den\u00fancias da popula\u00e7\u00e3o, nenhuma movimenta\u00e7\u00e3o que infringisse as regras do decreto foi confirmada.<\/p>\n\n\n\n<p>As fiscaliza\u00e7\u00f5es ir\u00e3o continuar em todo o Tocantins durante todo o per\u00edodo de vig\u00eancia do decreto estadual.<\/p>\n","protected":false},"excerpt":{"rendered":"<p>O Governo do Tocantins, por meio de equipes da Pol\u00edcia Militar, Seguran\u00e7a P\u00fablica, Corpo de Bombeiros Militar, Cidadania e Justi\u00e7a, Departamento Nacional de Tr\u00e2nsito (Detran-TO) e Vigil\u00e2ncia Sanit\u00e1ria, iniciou na noite desta quinta-feira, 18, a primeira for\u00e7a-tarefa da Opera\u00e7\u00e3o Toler\u00e2ncia Zero contra a Covid-19, em Aragua\u00edna, Gurupi e Palmas. A a\u00e7\u00e3o faz parte de um [&hellip;]<\/p>\n","protected":false},"author":2,"featured_media":7902,"comment_status":"open","ping_status":"open","sticky":false,"template":"","format":"standard","meta":[],"categories":[3],"tags":[13],"_links":{"self":[{"href":"https:\/\/dgospel.com.br\/portal\/index.php\/wp-json\/wp\/v2\/posts\/7901"}],"collection":[{"href":"https:\/\/dgospel.com.br\/portal\/index.php\/wp-json\/wp\/v2\/posts"}],"about":[{"href":"https:\/\/dgospel.com.br\/portal\/index.php\/wp-json\/wp\/v2\/types\/post"}],"author":[{"embeddable":true,"href":"https:\/\/dgospel.com.br\/portal\/index.php\/wp-json\/wp\/v2\/users\/2"}],"replies":[{"embeddable":true,"href":"https:\/\/dgospel.com.br\/portal\/index.php\/wp-json\/wp\/v2\/comments?post=7901"}],"version-history":[{"count":1,"href":"https:\/\/dgospel.com.br\/portal\/index.php\/wp-json\/wp\/v2\/posts\/7901\/revisions"}],"predecessor-version":[{"id":7903,"href":"https:\/\/dgospel.com.br\/portal\/index.php\/wp-json\/wp\/v2\/posts\/7901\/revisions\/7903"}],"wp:featuredmedia":[{"embeddable":true,"href":"https:\/\/dgospel.com.br\/portal\/index.php\/wp-json\/wp\/v2\/media\/7902"}],"wp:attachment":[{"href":"https:\/\/dgospel.com.br\/portal\/index.php\/wp-json\/wp\/v2\/media?parent=7901"}],"wp:term":[{"taxonomy":"category","embeddable":true,"href":"https:\/\/dgospel.com.br\/portal\/index.php\/wp-json\/wp\/v2\/categories?post=7901"},{"taxonomy":"post_tag","embeddable":true,"href":"https:\/\/dgospel.com.br\/portal\/index.php\/wp-json\/wp\/v2\/tags?post=7901"}],"curies":[{"name":"wp","href":"https:\/\/api.w.org\/{rel}","templated":true}]}}