{"id":7905,"date":"2021-03-19T19:51:11","date_gmt":"2021-03-19T22:51:11","guid":{"rendered":"http:\/\/dgospel.com.br\/portal\/?p=7905"},"modified":"2021-03-19T19:51:12","modified_gmt":"2021-03-19T22:51:12","slug":"pastores-entram-com-acao-no-stf-para-liberar-cultos-em-sao-paulo","status":"publish","type":"post","link":"https:\/\/dgospel.com.br\/portal\/index.php\/2021\/03\/19\/pastores-entram-com-acao-no-stf-para-liberar-cultos-em-sao-paulo\/","title":{"rendered":"Pastores entram com a\u00e7\u00e3o no STF para liberar cultos em S\u00e3o Paulo"},"content":{"rendered":"\n<p>O Conselho Nacional de Pastores entrou com uma a\u00e7\u00e3o no Supremo Tribunal\nFederal (STF) contra o decreto do governador de S\u00e3o Paulo, Jo\u00e3o Doria, que\nproibiu a realiza\u00e7\u00e3o de cultos presenciais no estado. O pedido tem o apoio da\nFrente Parlamentar Evang\u00e9lica do Congresso Nacional.<\/p>\n\n\n\n<p>O decreto de Doria, de 12 de mar\u00e7o, veda a realiza\u00e7\u00e3o de &#8220;cultos,\nmissas e demais atividades religiosas de car\u00e1ter coletivo&#8221;, embora\nmantenha igrejas abertas. Na a\u00e7\u00e3o, os pastores argumentam que a medida viola a\nliberdade religiosa e de culto, sem embasamento em qualquer legisla\u00e7\u00e3o federal.<\/p>\n\n\n\n<p>O Conselho Nacional de Pastores \u00e9 presidido pelo bispo Manoel Ferreira,\nda Assembleia de Deus do Minist\u00e9rio de Madureira. O deputado federal Cezinha da\nMadureira (PSD-SP), presidente da Frente Parlamentar Evang\u00e9lica, pertence \u00e0\nmesma denomina\u00e7\u00e3o.<\/p>\n\n\n\n<p>A a\u00e7\u00e3o foi elaborada em conjunto com a bancada evang\u00e9lica, que aparece\ncomo &#8220;amicus curiae&#8221; (apoiadora, mas n\u00e3o parte da a\u00e7\u00e3o). O relator\nsorteado \u00e9 o ministro Gilmar Mendes.<\/p>\n\n\n\n<p>\u2014 N\u00e3o podemos nos calar num momento em que nossos direitos est\u00e3o sendo\ncassados \u2014 diz Cezinha.<\/p>\n\n\n\n<p>O deputado afirma que, seguindo protocolos de seguran\u00e7a como uso de\n\u00e1lcool gel, limite de pessoas e distanciamento, n\u00e3o h\u00e1 motivo para deixar de\nrealizar os cultos. O partido do deputado, PSD, entrou tamb\u00e9m com uma a\u00e7\u00e3o no\nSupremo pedindo que atividades religiosas em grupo sejam liberadas.<\/p>\n\n\n\n<p>A a\u00e7\u00e3o do PSD foi protocolada nesta sexta-feira, um dia ap\u00f3s o pedido do Conselho Nacional de Pastores. Ambas pedem que a proibi\u00e7\u00e3o de cultos seja considerada a viola\u00e7\u00e3o de um princ\u00edpio fundamental da Constitui\u00e7\u00e3o.<\/p>\n\n\n\n<p>Fonte: oglobo<\/p>\n","protected":false},"excerpt":{"rendered":"<p>O Conselho Nacional de Pastores entrou com uma a\u00e7\u00e3o no Supremo Tribunal Federal (STF) contra o decreto do governador de S\u00e3o Paulo, Jo\u00e3o Doria, que proibiu a realiza\u00e7\u00e3o de cultos presenciais no estado. O pedido tem o apoio da Frente Parlamentar Evang\u00e9lica do Congresso Nacional. O decreto de Doria, de 12 de mar\u00e7o, veda a [&hellip;]<\/p>\n","protected":false},"author":2,"featured_media":7906,"comment_status":"open","ping_status":"open","sticky":false,"template":"","format":"standard","meta":[],"categories":[5,4],"tags":[],"_links":{"self":[{"href":"https:\/\/dgospel.com.br\/portal\/index.php\/wp-json\/wp\/v2\/posts\/7905"}],"collection":[{"href":"https:\/\/dgospel.com.br\/portal\/index.php\/wp-json\/wp\/v2\/posts"}],"about":[{"href":"https:\/\/dgospel.com.br\/portal\/index.php\/wp-json\/wp\/v2\/types\/post"}],"author":[{"embeddable":true,"href":"https:\/\/dgospel.com.br\/portal\/index.php\/wp-json\/wp\/v2\/users\/2"}],"replies":[{"embeddable":true,"href":"https:\/\/dgospel.com.br\/portal\/index.php\/wp-json\/wp\/v2\/comments?post=7905"}],"version-history":[{"count":1,"href":"https:\/\/dgospel.com.br\/portal\/index.php\/wp-json\/wp\/v2\/posts\/7905\/revisions"}],"predecessor-version":[{"id":7907,"href":"https:\/\/dgospel.com.br\/portal\/index.php\/wp-json\/wp\/v2\/posts\/7905\/revisions\/7907"}],"wp:featuredmedia":[{"embeddable":true,"href":"https:\/\/dgospel.com.br\/portal\/index.php\/wp-json\/wp\/v2\/media\/7906"}],"wp:attachment":[{"href":"https:\/\/dgospel.com.br\/portal\/index.php\/wp-json\/wp\/v2\/media?parent=7905"}],"wp:term":[{"taxonomy":"category","embeddable":true,"href":"https:\/\/dgospel.com.br\/portal\/index.php\/wp-json\/wp\/v2\/categories?post=7905"},{"taxonomy":"post_tag","embeddable":true,"href":"https:\/\/dgospel.com.br\/portal\/index.php\/wp-json\/wp\/v2\/tags?post=7905"}],"curies":[{"name":"wp","href":"https:\/\/api.w.org\/{rel}","templated":true}]}}