{"id":7908,"date":"2021-03-20T10:48:27","date_gmt":"2021-03-20T13:48:27","guid":{"rendered":"http:\/\/dgospel.com.br\/portal\/?p=7908"},"modified":"2021-03-20T10:48:28","modified_gmt":"2021-03-20T13:48:28","slug":"morre-o-vereador-e-cantor-gospel-irmao-lazaro-vitima-da-covid-19","status":"publish","type":"post","link":"https:\/\/dgospel.com.br\/portal\/index.php\/2021\/03\/20\/morre-o-vereador-e-cantor-gospel-irmao-lazaro-vitima-da-covid-19\/","title":{"rendered":"Morre o vereador e cantor gospel Irm\u00e3o L\u00e1zaro, v\u00edtima da Covid-19"},"content":{"rendered":"\n<p>O vereador, pastor e cantor gospel Irm\u00e3o L\u00e1zaro, de 54 anos, morreu na noite desta sexta-feira (19), em Feira de Santana, na Bahia, v\u00edtima da Covid-19. O parlamentar eleito por Salvador estava internado h\u00e1 quase um m\u00eas.<\/p>\n\n\n\n<p>A informa\u00e7\u00e3o da morte foi confirmada pela filha do pastor, Marta, em suas redes sociais.<\/p>\n\n\n\n<p>\u2013 Hoje a pessoa mais importante da minha vida se foi, o homem que eu mais amei e continuarei amando o resto da vida!! O cara mais honesto e bondoso que j\u00e1 conheci, que me ensinou a amar a Deus acima de todas as coisas e que me amou como ningu\u00e9m nunca amou!! O meu maior al\u00edvio \u00e9 saber que ele t\u00e1 ao lado de Deus e que o c\u00e9u est\u00e1 em festa nesse momento. Ele foi o meu maior exemplo de f\u00e9, meu melhor amigo, meu pastor, meu confidente, meu cantor favorito kkk ELE ERA MEU TUDO e agora meu tudo se foi! PAI, fica juntinho de Deus ai que j\u00e1 j\u00e1 estaremos juntos, eu te amo mais do que posso expressar e imaginar! \u2013 escreveu ela.<\/p>\n\n\n\n<p>L\u00e1zaro chegou a apresentar melhora durante a interna\u00e7\u00e3o, mas o quadro de sa\u00fade do religioso piorou nos \u00faltimos dias. Mais cedo, a assessoria do pastor pediu ora\u00e7\u00f5es e informou que a situa\u00e7\u00e3o ainda era muito delicada.<\/p>\n\n\n\n<p>O cantor apresentou os primeiros sintomas da doen\u00e7a no dia 15 de fevereiro. Ele precisou ser intubado ap\u00f3s uma piora, no dia 25 de fevereiro.<\/p>\n\n\n\n<p>L\u00e1zaro \u00e9 respons\u00e1vel por sucessos como Eu te Amo Tanto e Eu Sou de Jesus. Tamb\u00e9m \u00e9 vereador de Salvador, eleito com 4.273 votos, em seu primeiro mandato.<\/p>\n","protected":false},"excerpt":{"rendered":"<p>O vereador, pastor e cantor gospel Irm\u00e3o L\u00e1zaro, de 54 anos, morreu na noite desta sexta-feira (19), em Feira de Santana, na Bahia, v\u00edtima da Covid-19. O parlamentar eleito por Salvador estava internado h\u00e1 quase um m\u00eas. A informa\u00e7\u00e3o da morte foi confirmada pela filha do pastor, Marta, em suas redes sociais. \u2013 Hoje a [&hellip;]<\/p>\n","protected":false},"author":2,"featured_media":7909,"comment_status":"open","ping_status":"open","sticky":false,"template":"","format":"standard","meta":[],"categories":[17],"tags":[],"_links":{"self":[{"href":"https:\/\/dgospel.com.br\/portal\/index.php\/wp-json\/wp\/v2\/posts\/7908"}],"collection":[{"href":"https:\/\/dgospel.com.br\/portal\/index.php\/wp-json\/wp\/v2\/posts"}],"about":[{"href":"https:\/\/dgospel.com.br\/portal\/index.php\/wp-json\/wp\/v2\/types\/post"}],"author":[{"embeddable":true,"href":"https:\/\/dgospel.com.br\/portal\/index.php\/wp-json\/wp\/v2\/users\/2"}],"replies":[{"embeddable":true,"href":"https:\/\/dgospel.com.br\/portal\/index.php\/wp-json\/wp\/v2\/comments?post=7908"}],"version-history":[{"count":1,"href":"https:\/\/dgospel.com.br\/portal\/index.php\/wp-json\/wp\/v2\/posts\/7908\/revisions"}],"predecessor-version":[{"id":7910,"href":"https:\/\/dgospel.com.br\/portal\/index.php\/wp-json\/wp\/v2\/posts\/7908\/revisions\/7910"}],"wp:featuredmedia":[{"embeddable":true,"href":"https:\/\/dgospel.com.br\/portal\/index.php\/wp-json\/wp\/v2\/media\/7909"}],"wp:attachment":[{"href":"https:\/\/dgospel.com.br\/portal\/index.php\/wp-json\/wp\/v2\/media?parent=7908"}],"wp:term":[{"taxonomy":"category","embeddable":true,"href":"https:\/\/dgospel.com.br\/portal\/index.php\/wp-json\/wp\/v2\/categories?post=7908"},{"taxonomy":"post_tag","embeddable":true,"href":"https:\/\/dgospel.com.br\/portal\/index.php\/wp-json\/wp\/v2\/tags?post=7908"}],"curies":[{"name":"wp","href":"https:\/\/api.w.org\/{rel}","templated":true}]}}