{"id":792,"date":"2018-07-19T00:23:00","date_gmt":"2018-07-19T03:23:00","guid":{"rendered":"http:\/\/dgospel.com.br\/portal\/?p=792"},"modified":"2018-07-19T00:23:00","modified_gmt":"2018-07-19T03:23:00","slug":"psdb-fecha-alianca-com-psb-para-as-eleicoes-de-outubro-no-tocantins","status":"publish","type":"post","link":"https:\/\/dgospel.com.br\/portal\/index.php\/2018\/07\/19\/psdb-fecha-alianca-com-psb-para-as-eleicoes-de-outubro-no-tocantins\/","title":{"rendered":"PSDB fecha alian\u00e7a com PSB para as elei\u00e7\u00f5es de outubro no Tocantins"},"content":{"rendered":"<p class=\"yiv5696880402MsoNormal\">Em reuni\u00e3o ocorrida no final desta quarta-feira, 18, em Palmas, o PSDB fechou alian\u00e7a com o PSB para elei\u00e7\u00f5es de outubro no Tocantins. O encontro ocorreu entre o presidente estadual da legenda, senador Ata\u00eddes Oliveira, o ex-prefeito de Palmas, Carlos Amastha (PSB) e o empres\u00e1rio Oswaldo Stival J\u00fanior (PSDB). Conforme a alian\u00e7a, Amastha encabe\u00e7a a chapa majorit\u00e1ria. Pr\u00e9-candidato a governador, Ata\u00eddes ao Senado e Stival na vice.<\/p>\n<p class=\"yiv5696880402MsoNormal\">Defendendo uma gest\u00e3o de sucesso, Ata\u00eddes ressaltou a alian\u00e7a com o PSB, destacando a gest\u00e3o de Amastha como prefeito de Palmas. \u201cN\u00e3o tenho d\u00favida que esta alian\u00e7a vai tirar o Estado deste verdadeiro caos que se encontra. O PSDB est\u00e1 contente em apoiar este grande gestor que mudou Palmas. Somos conhecedores da sua capacidade\u201d, frisou.<\/p>\n<p class=\"yiv5696880402MsoNormal\">Ao discorrer a parceria com o PSDB desde 2012, Amastha enfatizou a alian\u00e7a. \u201cN\u00e3o se mexe em time vencedor e o PSDB vai ocupar os dois cargos mais importantes \u2013 vice-governador e o senador Ata\u00eddes, que concorrer\u00e1 \u00e0 reelei\u00e7\u00e3o ao Senado\u201d, destacou.<\/p>\n<p class=\"yiv5696880402MsoNormal\">Em tom de agradecimento pela confiabilidade do partido ao indicar seu nome, Stival disse que as principais preocupa\u00e7\u00f5es s\u00e3o agregar excel\u00eancia \u00e0 gest\u00e3o p\u00fablica e defender os princ\u00edpios do PSDB\u201d. (Assessoria de Imprensa do senador Ata\u00eddes Oliveira).<\/p>\n<p class=\"yiv5696880402MsoNormal\">\n","protected":false},"excerpt":{"rendered":"<p>Em reuni\u00e3o ocorrida no final desta quarta-feira, 18, em Palmas, o PSDB fechou alian\u00e7a com o PSB para elei\u00e7\u00f5es de outubro no Tocantins. O encontro ocorreu entre o presidente estadual da legenda, senador Ata\u00eddes Oliveira, o ex-prefeito de Palmas, Carlos Amastha (PSB) e o empres\u00e1rio Oswaldo Stival J\u00fanior (PSDB). Conforme a alian\u00e7a, Amastha encabe\u00e7a a [&hellip;]<\/p>\n","protected":false},"author":2,"featured_media":793,"comment_status":"open","ping_status":"open","sticky":false,"template":"","format":"standard","meta":[],"categories":[2,4],"tags":[],"_links":{"self":[{"href":"https:\/\/dgospel.com.br\/portal\/index.php\/wp-json\/wp\/v2\/posts\/792"}],"collection":[{"href":"https:\/\/dgospel.com.br\/portal\/index.php\/wp-json\/wp\/v2\/posts"}],"about":[{"href":"https:\/\/dgospel.com.br\/portal\/index.php\/wp-json\/wp\/v2\/types\/post"}],"author":[{"embeddable":true,"href":"https:\/\/dgospel.com.br\/portal\/index.php\/wp-json\/wp\/v2\/users\/2"}],"replies":[{"embeddable":true,"href":"https:\/\/dgospel.com.br\/portal\/index.php\/wp-json\/wp\/v2\/comments?post=792"}],"version-history":[{"count":1,"href":"https:\/\/dgospel.com.br\/portal\/index.php\/wp-json\/wp\/v2\/posts\/792\/revisions"}],"predecessor-version":[{"id":794,"href":"https:\/\/dgospel.com.br\/portal\/index.php\/wp-json\/wp\/v2\/posts\/792\/revisions\/794"}],"wp:featuredmedia":[{"embeddable":true,"href":"https:\/\/dgospel.com.br\/portal\/index.php\/wp-json\/wp\/v2\/media\/793"}],"wp:attachment":[{"href":"https:\/\/dgospel.com.br\/portal\/index.php\/wp-json\/wp\/v2\/media?parent=792"}],"wp:term":[{"taxonomy":"category","embeddable":true,"href":"https:\/\/dgospel.com.br\/portal\/index.php\/wp-json\/wp\/v2\/categories?post=792"},{"taxonomy":"post_tag","embeddable":true,"href":"https:\/\/dgospel.com.br\/portal\/index.php\/wp-json\/wp\/v2\/tags?post=792"}],"curies":[{"name":"wp","href":"https:\/\/api.w.org\/{rel}","templated":true}]}}