{"id":7921,"date":"2021-03-22T23:01:38","date_gmt":"2021-03-23T02:01:38","guid":{"rendered":"http:\/\/dgospel.com.br\/portal\/?p=7921"},"modified":"2021-03-22T23:01:39","modified_gmt":"2021-03-23T02:01:39","slug":"mauro-carlesse-determina-trabalho-remoto-para-servidores-publicos-estaduais-por-duas-semanas","status":"publish","type":"post","link":"https:\/\/dgospel.com.br\/portal\/index.php\/2021\/03\/22\/mauro-carlesse-determina-trabalho-remoto-para-servidores-publicos-estaduais-por-duas-semanas\/","title":{"rendered":"Mauro Carlesse determina trabalho remoto para servidores p\u00fablicos estaduais por duas semanas"},"content":{"rendered":"\n<p>O governador do Estado do Tocantins, Mauro Carlesse, assinou nesta segunda-feira, 22, o Decreto n\u00ba 6.234 determinando que os servidores p\u00fablicos estaduais cumpram seu expediente de forma remota a partir desta ter\u00e7a-feira, 23, at\u00e9 o dia 31 de mar\u00e7o. O Decreto, publicado&nbsp;na edi\u00e7\u00e3o de&nbsp;hoje (22) do Di\u00e1rio Oficial do Estado (DOE), \u00e9 uma medida que visa conter o avan\u00e7o dos casos de Covid-19 no Tocantins.<\/p>\n\n\n\n<p>O governador Mauro Carlesse destacou que o atual cen\u00e1rio vivenciado pelo Estado nos \u00faltimos dias, com aumento de casos em todos os munic\u00edpios e a crescente necessidade de interna\u00e7\u00e3o, exige dos gestores medidas que evitem a propaga\u00e7\u00e3o do v\u00edrus.<\/p>\n\n\n\n<p>\u201cAo longo desta pandemia, assumimos o papel de orientar a popula\u00e7\u00e3o a dobrar os cuidados com a higiene das m\u00e3os, a usar m\u00e1scaras e a manter o distanciamento social, al\u00e9m de investir na abertura de leitos para o tratamento adequado. Houve nos \u00faltimos meses, um grande aumento do n\u00famero de casos, com mais pessoas infectadas pelo coronav\u00edrus e mais mortes. Precisamos parar o avan\u00e7o dessa doen\u00e7a no nosso Estado. Com o trabalho remoto vamos evitar que milhares de servidores saiam de suas casas e se contaminem\u201d, ressalta o Governador, lembrando que com o feriado da Semana Santa (2 de abril), o servi\u00e7o presencial dever\u00e1 retornar somente no dia 5 de abril.<\/p>\n\n\n\n<p>Conforme o Decreto, a medida n\u00e3o se aplica aos casos em que os servi\u00e7os prestados se mostrem extremamente necess\u00e1rios na modalidade presencial. Nesse caso, deve haver a manifesta\u00e7\u00e3o do dirigente m\u00e1ximo do \u00f3rg\u00e3o p\u00fablico, convocando o servidor ao trabalho presencial, com subsequente envio de relat\u00f3rio de convoca\u00e7\u00f5es \u00e0 Secretaria de Estado da Administra\u00e7\u00e3o (Secad).<\/p>\n\n\n\n<p><strong>Recomenda\u00e7\u00e3o \u00e0s Prefeituras<\/strong><\/p>\n\n\n\n<p>O Decreto recomenda que as prefeituras tamb\u00e9m adotem a jornada de 6 horas di\u00e1rias de trabalho em suas unidades administrativas, incluindo o trabalho remoto ou jornada h\u00edbrida (parte presencial e outra remota), evitando aglomera\u00e7\u00e3o nas reparti\u00e7\u00f5es p\u00fablicas.<\/p>\n\n\n\n<p><strong>Dados<\/strong><\/p>\n\n\n\n<p>De acordo com o Boletim Epidemiol\u00f3gico divulgado pela Secretaria de Estado da Sa\u00fade (SES), nesta segunda-feira, o Tocantins soma 133.050 casos confirmados de Covid-19, dos quais 17.779 ainda est\u00e3o ativos, 113.450 est\u00e3o recuperados e 1.821 vieram a \u00f3bito. Dos casos ativos, 545 encontram-se hospitalizados, sendo 311 em leitos cl\u00ednicos e 234 em leitos de Unidade de Terapia Intensiva (UTI).<\/p>\n","protected":false},"excerpt":{"rendered":"<p>O governador do Estado do Tocantins, Mauro Carlesse, assinou nesta segunda-feira, 22, o Decreto n\u00ba 6.234 determinando que os servidores p\u00fablicos estaduais cumpram seu expediente de forma remota a partir desta ter\u00e7a-feira, 23, at\u00e9 o dia 31 de mar\u00e7o. O Decreto, publicado&nbsp;na edi\u00e7\u00e3o de&nbsp;hoje (22) do Di\u00e1rio Oficial do Estado (DOE), \u00e9 uma medida que [&hellip;]<\/p>\n","protected":false},"author":2,"featured_media":7922,"comment_status":"open","ping_status":"open","sticky":false,"template":"","format":"standard","meta":[],"categories":[3],"tags":[],"_links":{"self":[{"href":"https:\/\/dgospel.com.br\/portal\/index.php\/wp-json\/wp\/v2\/posts\/7921"}],"collection":[{"href":"https:\/\/dgospel.com.br\/portal\/index.php\/wp-json\/wp\/v2\/posts"}],"about":[{"href":"https:\/\/dgospel.com.br\/portal\/index.php\/wp-json\/wp\/v2\/types\/post"}],"author":[{"embeddable":true,"href":"https:\/\/dgospel.com.br\/portal\/index.php\/wp-json\/wp\/v2\/users\/2"}],"replies":[{"embeddable":true,"href":"https:\/\/dgospel.com.br\/portal\/index.php\/wp-json\/wp\/v2\/comments?post=7921"}],"version-history":[{"count":1,"href":"https:\/\/dgospel.com.br\/portal\/index.php\/wp-json\/wp\/v2\/posts\/7921\/revisions"}],"predecessor-version":[{"id":7923,"href":"https:\/\/dgospel.com.br\/portal\/index.php\/wp-json\/wp\/v2\/posts\/7921\/revisions\/7923"}],"wp:featuredmedia":[{"embeddable":true,"href":"https:\/\/dgospel.com.br\/portal\/index.php\/wp-json\/wp\/v2\/media\/7922"}],"wp:attachment":[{"href":"https:\/\/dgospel.com.br\/portal\/index.php\/wp-json\/wp\/v2\/media?parent=7921"}],"wp:term":[{"taxonomy":"category","embeddable":true,"href":"https:\/\/dgospel.com.br\/portal\/index.php\/wp-json\/wp\/v2\/categories?post=7921"},{"taxonomy":"post_tag","embeddable":true,"href":"https:\/\/dgospel.com.br\/portal\/index.php\/wp-json\/wp\/v2\/tags?post=7921"}],"curies":[{"name":"wp","href":"https:\/\/api.w.org\/{rel}","templated":true}]}}