{"id":7924,"date":"2021-03-22T23:55:15","date_gmt":"2021-03-23T02:55:15","guid":{"rendered":"http:\/\/dgospel.com.br\/portal\/?p=7924"},"modified":"2021-03-22T23:55:17","modified_gmt":"2021-03-23T02:55:17","slug":"jair-bolsonaro-se-ficar-em-lockdown-30-dias-e-acabar-com-virus-eu-topo","status":"publish","type":"post","link":"https:\/\/dgospel.com.br\/portal\/index.php\/2021\/03\/22\/jair-bolsonaro-se-ficar-em-lockdown-30-dias-e-acabar-com-virus-eu-topo\/","title":{"rendered":"Jair Bolsonaro: \u201cSe ficar em lockdown 30 dias e acabar com v\u00edrus, eu topo\u201d"},"content":{"rendered":"\n<p>Durante uma cerim\u00f4nia, no Pal\u00e1cio do Planalto, nesta segunda-feira (22), o presidente Jair Bolsonaro voltou a criticar as medidas restritivas de governadores e prefeitos contra o novo coronav\u00edrus. Ele tamb\u00e9m disse que \u00e9 preciso \u201clutar contra o v\u00edrus e n\u00e3o contra o presidente\u201d.<\/p>\n\n\n\n<p>\u2013 Eu devo mudar o meu discurso? Eu devo me tornar mais male\u00e1vel? Devo ceder? Fazer igual a grande maioria t\u00e1 fazendo? Se me convencerem do contr\u00e1rio, fa\u00e7o, mas n\u00e3o me convenceram ainda. Devemos lutar \u00e9 contra o v\u00edrus e n\u00e3o contra o presidente \u2013 declarou.<\/p>\n\n\n\n<p>Bolsonaro falou ainda que se dentro de 30 dias a Covid-19 acabasse por conta do lockdown, ele aceitaria a medida.<\/p>\n\n\n\n<p>\u2013 Parece que no mundo todo s\u00f3 no Brasil t\u00e1 morrendo gente. Lamento o n\u00famero de mortes. Qualquer morte. N\u00e3o sabemos onde isso vai acabar. Se vai acabar um dia. [\u2026] Se ficar em lockdown 30 dias e acabar com o v\u00edrus, eu topo, mas sabemos que n\u00e3o vai acabar.<\/p>\n\n\n\n<p>O presidente relembrou uma&nbsp;<a href=\"https:\/\/pleno.news\/saude\/coronavirus\/lockdowns-deixam-os-pobres-ainda-mais-pobres-afirma-oms.html\" target=\"_blank\" rel=\"noreferrer noopener\">entrevista de David Nabarro<\/a>, representante da Organiza\u00e7\u00e3o Mundial da Sa\u00fade (OMS) a respeito do lockdown.<\/p>\n\n\n\n<p>\u2013 Me chamam de negacionista ou de ter um discurso agressivo. Respeite a ci\u00eancia! [O lockdown] n\u00e3o deu certo. N\u00e3o estou afrontando ningu\u00e9m. Estou seguindo a OMS. N\u00e3o podemos transformar os pobres em mais pobres \u2013 afirmou Bolsonaro.<\/p>\n","protected":false},"excerpt":{"rendered":"<p>Durante uma cerim\u00f4nia, no Pal\u00e1cio do Planalto, nesta segunda-feira (22), o presidente Jair Bolsonaro voltou a criticar as medidas restritivas de governadores e prefeitos contra o novo coronav\u00edrus. Ele tamb\u00e9m disse que \u00e9 preciso \u201clutar contra o v\u00edrus e n\u00e3o contra o presidente\u201d. \u2013 Eu devo mudar o meu discurso? Eu devo me tornar mais [&hellip;]<\/p>\n","protected":false},"author":2,"featured_media":7925,"comment_status":"open","ping_status":"open","sticky":false,"template":"","format":"standard","meta":[],"categories":[4],"tags":[14],"_links":{"self":[{"href":"https:\/\/dgospel.com.br\/portal\/index.php\/wp-json\/wp\/v2\/posts\/7924"}],"collection":[{"href":"https:\/\/dgospel.com.br\/portal\/index.php\/wp-json\/wp\/v2\/posts"}],"about":[{"href":"https:\/\/dgospel.com.br\/portal\/index.php\/wp-json\/wp\/v2\/types\/post"}],"author":[{"embeddable":true,"href":"https:\/\/dgospel.com.br\/portal\/index.php\/wp-json\/wp\/v2\/users\/2"}],"replies":[{"embeddable":true,"href":"https:\/\/dgospel.com.br\/portal\/index.php\/wp-json\/wp\/v2\/comments?post=7924"}],"version-history":[{"count":1,"href":"https:\/\/dgospel.com.br\/portal\/index.php\/wp-json\/wp\/v2\/posts\/7924\/revisions"}],"predecessor-version":[{"id":7926,"href":"https:\/\/dgospel.com.br\/portal\/index.php\/wp-json\/wp\/v2\/posts\/7924\/revisions\/7926"}],"wp:featuredmedia":[{"embeddable":true,"href":"https:\/\/dgospel.com.br\/portal\/index.php\/wp-json\/wp\/v2\/media\/7925"}],"wp:attachment":[{"href":"https:\/\/dgospel.com.br\/portal\/index.php\/wp-json\/wp\/v2\/media?parent=7924"}],"wp:term":[{"taxonomy":"category","embeddable":true,"href":"https:\/\/dgospel.com.br\/portal\/index.php\/wp-json\/wp\/v2\/categories?post=7924"},{"taxonomy":"post_tag","embeddable":true,"href":"https:\/\/dgospel.com.br\/portal\/index.php\/wp-json\/wp\/v2\/tags?post=7924"}],"curies":[{"name":"wp","href":"https:\/\/api.w.org\/{rel}","templated":true}]}}