{"id":7927,"date":"2021-03-23T00:05:11","date_gmt":"2021-03-23T03:05:11","guid":{"rendered":"http:\/\/dgospel.com.br\/portal\/?p=7927"},"modified":"2021-03-23T00:05:12","modified_gmt":"2021-03-23T03:05:12","slug":"augusto-aras-estaria-buscando-apoio-de-evangelicos-por-indicacao-ao-stf-diz-jornal","status":"publish","type":"post","link":"https:\/\/dgospel.com.br\/portal\/index.php\/2021\/03\/23\/augusto-aras-estaria-buscando-apoio-de-evangelicos-por-indicacao-ao-stf-diz-jornal\/","title":{"rendered":"Augusto Aras estaria buscando apoio de evang\u00e9licos por indica\u00e7\u00e3o ao STF, diz jornal"},"content":{"rendered":"\n<p>&nbsp;O procurador-geral da Rep\u00fablica (PGR), Augusto Aras, estaria em\ncampanha junto a lideran\u00e7as evang\u00e9licas para que seu nome seja apoiado pelos\npastores pr\u00f3ximos ao presidente Jair Bolsonaro como o pr\u00f3ximo ministro do\nSupremo Tribunal Federal (STF).<\/p>\n\n\n\n<p>Como uma sinaliza\u00e7\u00e3o de sua&nbsp;<a href=\"https:\/\/noticias.gospelmais.com.br\/pgr-augusto-aras-carta-valores-evangelicos-121429.html\"><strong>aproxima\u00e7\u00e3o com o segmento\nevang\u00e9lico<\/strong><\/a>, Augusto Aras passou a se posicionar\npublicamente a favor da reabertura dos templos religiosos, assim como a\nlibera\u00e7\u00e3o para realiza\u00e7\u00e3o de cultos presenciais.<\/p>\n\n\n\n<p>No\npr\u00f3ximo 12 de julho, Marco Aur\u00e9lio Mello, decano do STF, completar\u00e1 75 anos de\nidade e ser\u00e1 aposentado de forma compuls\u00f3ria, abrindo uma nova vaga no\ncolegiado.<\/p>\n\n\n\n<p>O\nrespons\u00e1vel pela indica\u00e7\u00e3o do substituto ser\u00e1 o presidente Jair Bolsonaro, que\nj\u00e1&nbsp;<a href=\"https:\/\/noticias.gospelmais.com.br\/nao-idolatro-homens-malafaia-criticas-bolsonaro-140600.html\"><strong>indicou K\u00e1ssio Nunes\nMarques<\/strong><\/a>&nbsp;em 2020 para o lugar de Celso de Mello,\naposentado por invalidez dias antes de completar a idade limite.<\/p>\n\n\n\n<p>Desde o primeiro ano do governo, Bolsonaro vem dizendo que uma\ndas vagas no STF que seriam abertas durante seu mandato receberia a indica\u00e7\u00e3o\nde um jurista \u201cterrivelmente evang\u00e9lico\u201d.<\/p>\n\n\n\n<p>H\u00e1 um\nmovimento entre lideran\u00e7as das igrejas que&nbsp;<a href=\"https:\/\/noticias.gospelmais.com.br\/evangelicos-apoio-ministro-da-justica-143269.html\"><strong>defende o nome do ministro<\/strong><\/a>&nbsp;da\nJusti\u00e7a e Seguran\u00e7a P\u00fablica, pastor Andr\u00e9 Luiz de Almeida Mendon\u00e7a.<\/p>\n\n\n\n<h2>Augusto Aras<\/h2>\n\n\n\n<p>A\ncampanha do procurador-geral da Rep\u00fablica vem sendo reportada pela grande m\u00eddia\nnos \u00faltimos dias. De acordo com o jornal&nbsp;<a href=\"https:\/\/politica.estadao.com.br\/noticias\/geral,aras-busca-apoio-de-evangelicos-para-indicacao-ao-supremo,70003653583\" target=\"_blank\" rel=\"noreferrer noopener\"><em>O Estado de S. Paulo<\/em><\/a>,\numa pessoa pr\u00f3xima relatou que Aras ponderou aos procuradores-gerais de Justi\u00e7a\nque a decis\u00e3o \u00e9 de compet\u00eancia das autoridades sanit\u00e1rias e segue crit\u00e9rios\nt\u00e9cnicos.<\/p>\n\n\n\n<p>Na mesma\nconversa, o PGR teria dito ainda que o MP n\u00e3o deve assumir a responsabilidade\npol\u00edtica de governadores e prefeitos por suas decis\u00f5es, nem intervir\ninadequadamente a favor ou contra o fechamento dos templos.<\/p>\n\n\n\n<p>O pastor\nSilas Malafaia afirmou que ele e o bispo Abner Ferreira foram recebidos por\nAugusto Aras em seu gabinete no dia 15 de mar\u00e7o para uma reuni\u00e3o n\u00e3o oficial, e\nque nessa ocasi\u00e3o o PGR se posicionou contra o fechamento dos templos.<\/p>\n\n\n\n<p>\u201cNessa\nreuni\u00e3o, ele declarou o que est\u00e1 na Constitui\u00e7\u00e3o. Primeiro, lugar de culto \u00e9\ninviol\u00e1vel, ningu\u00e9m pode fechar ou impedir um culto religioso. Segundo, que as\nreligi\u00f5es cumprem um papel que o Estado n\u00e3o consegue, t\u00eam um papel terap\u00eautico\nnessa hist\u00f3ria. A f\u00e9 atua em \u00e1reas que um m\u00e9dico n\u00e3o atua. Ent\u00e3o, [Aras disse]\nque era um absurdo por violar um preceito constitucional e a pr\u00e1tica de um\npovo, que 95% t\u00eam alguma religi\u00e3o\u201d, relatou Malafaia.<\/p>\n\n\n\n<p>Sobre o\npedido do PGR para o MP ficar de fora da disputa pela reabertura dos templos,\nMalafaia disse ter ouvido boas not\u00edcias: \u201cEle disse para mim que apenas um\nprocurador se contrariou, todos os demais concordaram com a fala dele. Essa foi\na palavra dele, que acha um absurdo, uma afronta\u201d, relatou Malafaia.<\/p>\n\n\n\n<p>A\nassessoria de imprensa do PGR confirmou o encontro com Malafaia e Ferreira, mas\nlimitou-se a dizer que na ocasi\u00e3o \u201cforam tratados temas de interesse dos\nevang\u00e9licos\u201d.<\/p>\n\n\n\n<p><\/p>\n","protected":false},"excerpt":{"rendered":"<p>&nbsp;O procurador-geral da Rep\u00fablica (PGR), Augusto Aras, estaria em campanha junto a lideran\u00e7as evang\u00e9licas para que seu nome seja apoiado pelos pastores pr\u00f3ximos ao presidente Jair Bolsonaro como o pr\u00f3ximo ministro do Supremo Tribunal Federal (STF). Como uma sinaliza\u00e7\u00e3o de sua&nbsp;aproxima\u00e7\u00e3o com o segmento evang\u00e9lico, Augusto Aras passou a se posicionar publicamente a favor da [&hellip;]<\/p>\n","protected":false},"author":2,"featured_media":7928,"comment_status":"open","ping_status":"open","sticky":false,"template":"","format":"standard","meta":[],"categories":[5,4],"tags":[14],"_links":{"self":[{"href":"https:\/\/dgospel.com.br\/portal\/index.php\/wp-json\/wp\/v2\/posts\/7927"}],"collection":[{"href":"https:\/\/dgospel.com.br\/portal\/index.php\/wp-json\/wp\/v2\/posts"}],"about":[{"href":"https:\/\/dgospel.com.br\/portal\/index.php\/wp-json\/wp\/v2\/types\/post"}],"author":[{"embeddable":true,"href":"https:\/\/dgospel.com.br\/portal\/index.php\/wp-json\/wp\/v2\/users\/2"}],"replies":[{"embeddable":true,"href":"https:\/\/dgospel.com.br\/portal\/index.php\/wp-json\/wp\/v2\/comments?post=7927"}],"version-history":[{"count":1,"href":"https:\/\/dgospel.com.br\/portal\/index.php\/wp-json\/wp\/v2\/posts\/7927\/revisions"}],"predecessor-version":[{"id":7929,"href":"https:\/\/dgospel.com.br\/portal\/index.php\/wp-json\/wp\/v2\/posts\/7927\/revisions\/7929"}],"wp:featuredmedia":[{"embeddable":true,"href":"https:\/\/dgospel.com.br\/portal\/index.php\/wp-json\/wp\/v2\/media\/7928"}],"wp:attachment":[{"href":"https:\/\/dgospel.com.br\/portal\/index.php\/wp-json\/wp\/v2\/media?parent=7927"}],"wp:term":[{"taxonomy":"category","embeddable":true,"href":"https:\/\/dgospel.com.br\/portal\/index.php\/wp-json\/wp\/v2\/categories?post=7927"},{"taxonomy":"post_tag","embeddable":true,"href":"https:\/\/dgospel.com.br\/portal\/index.php\/wp-json\/wp\/v2\/tags?post=7927"}],"curies":[{"name":"wp","href":"https:\/\/api.w.org\/{rel}","templated":true}]}}