{"id":7930,"date":"2021-03-23T10:44:26","date_gmt":"2021-03-23T13:44:26","guid":{"rendered":"http:\/\/dgospel.com.br\/portal\/?p=7930"},"modified":"2021-03-23T11:35:40","modified_gmt":"2021-03-23T14:35:40","slug":"deputado-eli-borges-lamenta-morte-do-pastor-jose-fernandes-vargas","status":"publish","type":"post","link":"https:\/\/dgospel.com.br\/portal\/index.php\/2021\/03\/23\/deputado-eli-borges-lamenta-morte-do-pastor-jose-fernandes-vargas\/","title":{"rendered":"Deputado Eli Borges lamenta morte do Pastor Jos\u00e9 Fernandes Vargas"},"content":{"rendered":"\n<p>O deputado federal Eli\nBorges, manifestou pesar pelo\nfalecimento do Pastor Jos\u00e9 Fernandes Vargas, ocorrido nesta segunda-feira, 22.\nEli Borges disse que o Pastor Jos\u00e9 Fernandes era um homem de Deus honrado, que\ndeixou um grande legado e exemplo de fidelidade ao Senhor.<\/p>\n\n\n\n<p>Jos\u00e9 Fernandes Vargas era presidente da igreja Assembleia de\nDeus Nova Alian\u00e7a, em Combinado-TO.&nbsp;Ele tinha 40 anos de minist\u00e9rio, 27\ncomo vice-pastor e 13,&nbsp;como pastor presidente. Jos\u00e9 Fernandes deixa a\nesposa Cl\u00e9via Macedo dos Santos Vargas e sete filhos. <\/p>\n\n\n\n<p><em>\u00a0\u201cPastor Jos\u00e9 Fernandes um homem de Deus, honrado, que deixa um grande legado e exemplo de fidelidade ao Senhor que, \u2018Combateu o bom combate, completou a carreira e guardou a f\u00e9\u2019. Nossos sinceros e mais profundos sentimentos \u00e0 fam\u00edlia e amigos que Deus os conforte\u201d disse o deputado <\/em><\/p>\n\n\n\n<p><\/p>\n\n\n\n<figure class=\"wp-block-image\"><img loading=\"lazy\" width=\"1024\" height=\"1024\" src=\"http:\/\/dgospel.com.br\/portal\/wp-content\/uploads\/2021\/03\/000000000-3-1024x1024.jpg\" alt=\"\" class=\"wp-image-7933\" srcset=\"https:\/\/dgospel.com.br\/portal\/wp-content\/uploads\/2021\/03\/000000000-3-1024x1024.jpg 1024w, https:\/\/dgospel.com.br\/portal\/wp-content\/uploads\/2021\/03\/000000000-3-150x150.jpg 150w, https:\/\/dgospel.com.br\/portal\/wp-content\/uploads\/2021\/03\/000000000-3-300x300.jpg 300w, https:\/\/dgospel.com.br\/portal\/wp-content\/uploads\/2021\/03\/000000000-3-768x768.jpg 768w, https:\/\/dgospel.com.br\/portal\/wp-content\/uploads\/2021\/03\/000000000-3.jpg 1080w\" sizes=\"(max-width: 1024px) 100vw, 1024px\" \/><\/figure>\n","protected":false},"excerpt":{"rendered":"<p>O deputado federal Eli Borges, manifestou pesar pelo falecimento do Pastor Jos\u00e9 Fernandes Vargas, ocorrido nesta segunda-feira, 22. Eli Borges disse que o Pastor Jos\u00e9 Fernandes era um homem de Deus honrado, que deixou um grande legado e exemplo de fidelidade ao Senhor. Jos\u00e9 Fernandes Vargas era presidente da igreja Assembleia de Deus Nova Alian\u00e7a, [&hellip;]<\/p>\n","protected":false},"author":2,"featured_media":7934,"comment_status":"open","ping_status":"open","sticky":false,"template":"","format":"standard","meta":[],"categories":[5],"tags":[],"_links":{"self":[{"href":"https:\/\/dgospel.com.br\/portal\/index.php\/wp-json\/wp\/v2\/posts\/7930"}],"collection":[{"href":"https:\/\/dgospel.com.br\/portal\/index.php\/wp-json\/wp\/v2\/posts"}],"about":[{"href":"https:\/\/dgospel.com.br\/portal\/index.php\/wp-json\/wp\/v2\/types\/post"}],"author":[{"embeddable":true,"href":"https:\/\/dgospel.com.br\/portal\/index.php\/wp-json\/wp\/v2\/users\/2"}],"replies":[{"embeddable":true,"href":"https:\/\/dgospel.com.br\/portal\/index.php\/wp-json\/wp\/v2\/comments?post=7930"}],"version-history":[{"count":3,"href":"https:\/\/dgospel.com.br\/portal\/index.php\/wp-json\/wp\/v2\/posts\/7930\/revisions"}],"predecessor-version":[{"id":7936,"href":"https:\/\/dgospel.com.br\/portal\/index.php\/wp-json\/wp\/v2\/posts\/7930\/revisions\/7936"}],"wp:featuredmedia":[{"embeddable":true,"href":"https:\/\/dgospel.com.br\/portal\/index.php\/wp-json\/wp\/v2\/media\/7934"}],"wp:attachment":[{"href":"https:\/\/dgospel.com.br\/portal\/index.php\/wp-json\/wp\/v2\/media?parent=7930"}],"wp:term":[{"taxonomy":"category","embeddable":true,"href":"https:\/\/dgospel.com.br\/portal\/index.php\/wp-json\/wp\/v2\/categories?post=7930"},{"taxonomy":"post_tag","embeddable":true,"href":"https:\/\/dgospel.com.br\/portal\/index.php\/wp-json\/wp\/v2\/tags?post=7930"}],"curies":[{"name":"wp","href":"https:\/\/api.w.org\/{rel}","templated":true}]}}