{"id":7940,"date":"2021-03-23T12:52:13","date_gmt":"2021-03-23T15:52:13","guid":{"rendered":"http:\/\/dgospel.com.br\/portal\/?p=7940"},"modified":"2021-03-23T12:52:15","modified_gmt":"2021-03-23T15:52:15","slug":"barroso-rejeita-pedido-do-pt-que-forcaria-bolsonaro-a-apoiar-cuba","status":"publish","type":"post","link":"https:\/\/dgospel.com.br\/portal\/index.php\/2021\/03\/23\/barroso-rejeita-pedido-do-pt-que-forcaria-bolsonaro-a-apoiar-cuba\/","title":{"rendered":"Barroso rejeita pedido do PT que for\u00e7aria Bolsonaro a apoiar Cuba"},"content":{"rendered":"\n<p>O ministro&nbsp;<a href=\"https:\/\/pleno.news\/tag\/luis-roberto-barroso\" target=\"_blank\" rel=\"noreferrer noopener\">Lu\u00eds Roberto Barroso<\/a>, do Supremo Tribunal Federal (STF), negou um pedido apresentado pelo Partido dos Trabalhadores (PT) que obrigava o presidente&nbsp;<a href=\"https:\/\/pleno.news\/tag\/jair-bolsonaro\" target=\"_blank\" rel=\"noreferrer noopener\">Jair Bolsonaro<\/a>&nbsp;a defender o fim do embargo comercial aplicado pelos Estados Unidos sobre Cuba.<\/p>\n\n\n\n<p>Na \u00faltima semana, a legenda de esquerda argumentou que a posi\u00e7\u00e3o do atual governo, favor\u00e1vel ao embargo, violava os direitos humanos, pois dificultaria o tratamento dos cidad\u00e3os cubanos na pandemia de Covid-19. Entretanto, Barroso considerou que uma decis\u00e3o do Judici\u00e1rio sobre o assunto seria uma interfer\u00eancia na pol\u00edtica externa.<\/p>\n\n\n\n<p>\u2013 Trata-se, em princ\u00edpio, de mat\u00e9ria de pol\u00edtica externa, t\u00edpica atribui\u00e7\u00e3o do Executivo, de modo que tenho por n\u00e3o demonstrada a plausibilidade do direito alegado \u2013 apontou o ministro na decis\u00e3o.<\/p>\n\n\n\n<p>Apesar de negar o pedido apresentado pelo PT, o ministro do STF pediu manifesta\u00e7\u00f5es da Advocacia-Geral da Uni\u00e3o (AGU) e da Procuradoria-Geral da Rep\u00fablica (PGR) sobre o assunto. Por conta disso, o processo continuar\u00e1 em tramita\u00e7\u00e3o.<\/p>\n","protected":false},"excerpt":{"rendered":"<p>O ministro&nbsp;Lu\u00eds Roberto Barroso, do Supremo Tribunal Federal (STF), negou um pedido apresentado pelo Partido dos Trabalhadores (PT) que obrigava o presidente&nbsp;Jair Bolsonaro&nbsp;a defender o fim do embargo comercial aplicado pelos Estados Unidos sobre Cuba. Na \u00faltima semana, a legenda de esquerda argumentou que a posi\u00e7\u00e3o do atual governo, favor\u00e1vel ao embargo, violava os direitos [&hellip;]<\/p>\n","protected":false},"author":2,"featured_media":7941,"comment_status":"open","ping_status":"open","sticky":false,"template":"","format":"standard","meta":[],"categories":[4],"tags":[13,14],"_links":{"self":[{"href":"https:\/\/dgospel.com.br\/portal\/index.php\/wp-json\/wp\/v2\/posts\/7940"}],"collection":[{"href":"https:\/\/dgospel.com.br\/portal\/index.php\/wp-json\/wp\/v2\/posts"}],"about":[{"href":"https:\/\/dgospel.com.br\/portal\/index.php\/wp-json\/wp\/v2\/types\/post"}],"author":[{"embeddable":true,"href":"https:\/\/dgospel.com.br\/portal\/index.php\/wp-json\/wp\/v2\/users\/2"}],"replies":[{"embeddable":true,"href":"https:\/\/dgospel.com.br\/portal\/index.php\/wp-json\/wp\/v2\/comments?post=7940"}],"version-history":[{"count":1,"href":"https:\/\/dgospel.com.br\/portal\/index.php\/wp-json\/wp\/v2\/posts\/7940\/revisions"}],"predecessor-version":[{"id":7942,"href":"https:\/\/dgospel.com.br\/portal\/index.php\/wp-json\/wp\/v2\/posts\/7940\/revisions\/7942"}],"wp:featuredmedia":[{"embeddable":true,"href":"https:\/\/dgospel.com.br\/portal\/index.php\/wp-json\/wp\/v2\/media\/7941"}],"wp:attachment":[{"href":"https:\/\/dgospel.com.br\/portal\/index.php\/wp-json\/wp\/v2\/media?parent=7940"}],"wp:term":[{"taxonomy":"category","embeddable":true,"href":"https:\/\/dgospel.com.br\/portal\/index.php\/wp-json\/wp\/v2\/categories?post=7940"},{"taxonomy":"post_tag","embeddable":true,"href":"https:\/\/dgospel.com.br\/portal\/index.php\/wp-json\/wp\/v2\/tags?post=7940"}],"curies":[{"name":"wp","href":"https:\/\/api.w.org\/{rel}","templated":true}]}}