{"id":7946,"date":"2021-03-23T21:52:05","date_gmt":"2021-03-24T00:52:05","guid":{"rendered":"http:\/\/dgospel.com.br\/portal\/?p=7946"},"modified":"2021-03-23T21:52:07","modified_gmt":"2021-03-24T00:52:07","slug":"prefeitura-de-palmas-faz-mudancas-no-texto-e-prorroga-decreto-que-restringe-atividades-nao-essenciais","status":"publish","type":"post","link":"https:\/\/dgospel.com.br\/portal\/index.php\/2021\/03\/23\/prefeitura-de-palmas-faz-mudancas-no-texto-e-prorroga-decreto-que-restringe-atividades-nao-essenciais\/","title":{"rendered":"Prefeitura de Palmas faz mudan\u00e7as no texto e prorroga decreto que restringe atividades n\u00e3o essenciais"},"content":{"rendered":"\n<p>A Prefeitura de Palmas prorrogou, desta vez at\u00e9 o dia 2 de abril, o decreto que suspende atividades n\u00e3o essenciais na cidade, mas fez altera\u00e7\u00f5es no texto. A partir desta quarta-feira (24) obras civis poder\u00e3o ser retomadas. Bares e restaurantes tamb\u00e9m ficam autorizados a realizar entregas de comida aos domingos, o que era vedado no texto anterior.<\/p>\n\n\n\n<p>Para os bares e\nrestaurantes tamb\u00e9m voltou a ser autorizada a retirada de produtos no balc\u00e3o. O\nfuncionamento deste tipo de servi\u00e7o \u00e9 at\u00e9 a meia-noite.<\/p>\n\n\n\n<p>Seguem suspensos os\natendimentos presenciais no com\u00e9rcio n\u00e3o essencial. Missas e cultos podem\nacontecer somente de forma virtual, com atendimentos individualizados sendo autorizados,\ndesde que com agendamento.<\/p>\n\n\n\n<p>Supermercados\ncontinuam obrigados a atender apenas uma pessoa de cada fam\u00edlia e funcionar com\nno m\u00e1ximo 50% da capacidade. O hor\u00e1rio de 6h \u00e0s 22h foi mantido para este tipo\nde estabelecimento. Eles tamb\u00e9m receberam autoriza\u00e7\u00e3o para voltar a funcionar\nno domingo.<\/p>\n\n\n\n<p>Continuam suspensas as\natividades presenciais em escolas, ber\u00e7\u00e1rios, cursinhos, p\u00fablicos ou\nparticulares, e em institui\u00e7\u00f5es de ensino superior.<\/p>\n\n\n\n<p>O texto afirma que\npara tomar a decis\u00e3o foi levado em considera\u00e7\u00e3o o resultado alcan\u00e7ado durante a\nvig\u00eancia do decreto at\u00e9 o momento. A prefeitura informou que observou redu\u00e7\u00e3o\nna taxa de cont\u00e1gio em Palmas ap\u00f3s a ado\u00e7\u00e3o das medidas.<\/p>\n\n\n\n\n\n<p>\n\n\n\nO novo decreto prev\u00ea ainda a aplica\u00e7\u00e3o de multas que variam de R$ 3.590,00 a R$\n10.770,00 conforme o tipo de infra\u00e7\u00e3o.<\/p>\n\n\n\n<p>Fonte: <strong>G1 Tocantins<\/strong><\/p>\n","protected":false},"excerpt":{"rendered":"<p>A Prefeitura de Palmas prorrogou, desta vez at\u00e9 o dia 2 de abril, o decreto que suspende atividades n\u00e3o essenciais na cidade, mas fez altera\u00e7\u00f5es no texto. A partir desta quarta-feira (24) obras civis poder\u00e3o ser retomadas. Bares e restaurantes tamb\u00e9m ficam autorizados a realizar entregas de comida aos domingos, o que era vedado no [&hellip;]<\/p>\n","protected":false},"author":2,"featured_media":7947,"comment_status":"open","ping_status":"open","sticky":false,"template":"","format":"standard","meta":[],"categories":[3],"tags":[],"_links":{"self":[{"href":"https:\/\/dgospel.com.br\/portal\/index.php\/wp-json\/wp\/v2\/posts\/7946"}],"collection":[{"href":"https:\/\/dgospel.com.br\/portal\/index.php\/wp-json\/wp\/v2\/posts"}],"about":[{"href":"https:\/\/dgospel.com.br\/portal\/index.php\/wp-json\/wp\/v2\/types\/post"}],"author":[{"embeddable":true,"href":"https:\/\/dgospel.com.br\/portal\/index.php\/wp-json\/wp\/v2\/users\/2"}],"replies":[{"embeddable":true,"href":"https:\/\/dgospel.com.br\/portal\/index.php\/wp-json\/wp\/v2\/comments?post=7946"}],"version-history":[{"count":1,"href":"https:\/\/dgospel.com.br\/portal\/index.php\/wp-json\/wp\/v2\/posts\/7946\/revisions"}],"predecessor-version":[{"id":7948,"href":"https:\/\/dgospel.com.br\/portal\/index.php\/wp-json\/wp\/v2\/posts\/7946\/revisions\/7948"}],"wp:featuredmedia":[{"embeddable":true,"href":"https:\/\/dgospel.com.br\/portal\/index.php\/wp-json\/wp\/v2\/media\/7947"}],"wp:attachment":[{"href":"https:\/\/dgospel.com.br\/portal\/index.php\/wp-json\/wp\/v2\/media?parent=7946"}],"wp:term":[{"taxonomy":"category","embeddable":true,"href":"https:\/\/dgospel.com.br\/portal\/index.php\/wp-json\/wp\/v2\/categories?post=7946"},{"taxonomy":"post_tag","embeddable":true,"href":"https:\/\/dgospel.com.br\/portal\/index.php\/wp-json\/wp\/v2\/tags?post=7946"}],"curies":[{"name":"wp","href":"https:\/\/api.w.org\/{rel}","templated":true}]}}