{"id":7949,"date":"2021-03-23T22:10:38","date_gmt":"2021-03-24T01:10:38","guid":{"rendered":"http:\/\/dgospel.com.br\/portal\/?p=7949"},"modified":"2021-03-23T22:10:39","modified_gmt":"2021-03-24T01:10:39","slug":"carmen-lucia-muda-voto-e-moro-e-considerado-parcial-contra-lula","status":"publish","type":"post","link":"https:\/\/dgospel.com.br\/portal\/index.php\/2021\/03\/23\/carmen-lucia-muda-voto-e-moro-e-considerado-parcial-contra-lula\/","title":{"rendered":"C\u00e1rmen L\u00facia muda voto, e Moro \u00e9 considerado parcial contra Lula"},"content":{"rendered":"\n<p>Em uma das maiores\nderrotas da hist\u00f3ria da Lava Jato, a Segunda Turma do Supremo Tribunal Federal\n(STF) decidiu nesta ter\u00e7a-feira (23) que o ex-juiz federal Sergio Moro foi\nparcial ao condenar o ex-presidente Luiz In\u00e1cio Lula da Silva na a\u00e7\u00e3o do\ntr\u00edplex do Guaruj\u00e1.<\/p>\n\n\n\n<p>O placar sofreu uma\nreviravolta com a mudan\u00e7a na posi\u00e7\u00e3o da ministra C\u00e1rmen L\u00facia, que alterou o\nvoto proferido em dezembro de 2018. Com o entendimento da Segunda Turma, o caso\nter\u00e1 de voltar \u00e0 estaca zero.<\/p>\n\n\n\n<p>\u2013 Neste caso, o que\nse discute basicamente \u00e9 algo que para mim \u00e9 basilar: todo mundo tem o direito\na um julgamento justo e ao devido processo legal e \u00e0 imparcialidade do julgador\n\u2013 disse C\u00e1rmen L\u00facia, ao iniciar a leitura do voto.<\/p>\n\n\n\n<p>A ministra buscou\ndelimitar o entendimento \u00e0 quest\u00e3o espec\u00edfica de Lula na a\u00e7\u00e3o do tr\u00edplex,\ntentando delimitar os efeitos do julgamento. Um dos temores de investigadores \u00e9\nde que a declara\u00e7\u00e3o da suspei\u00e7\u00e3o de Moro provoque um efeito cascata,\ncontaminando outros processos da opera\u00e7\u00e3o que tamb\u00e9m contaram com a atua\u00e7\u00e3o do\nex-juiz.<\/p>\n\n\n\n<p>\u2013 Tenho para mim\nque estamos julgando um habeas corpus de um paciente que comprovou haver estar\nnuma situa\u00e7\u00e3o espec\u00edfica. N\u00e3o acho que o procedimento se estenda a quem quer\nque seja, que a imparcialidade se estenda a quem quer que seja ou atinja outros\nprocedimentos, porque aqui estou tomando em considera\u00e7\u00e3o algo que foi\ncomprovado pelo impetrante relativo a este paciente, nesta condi\u00e7\u00e3o. Essa\npeculiar e exclusiva situa\u00e7\u00e3o do paciente neste habeas corpus faz com que eu me\natenha a este julgamento, a esta singular condi\u00e7\u00e3o demonstrada relativamente ao\ncomportamento do juiz processante em rela\u00e7\u00e3o a este paciente \u2013 acrescentou\nC\u00e1rmen.<\/p>\n\n\n\n<p>O entendimento da\nSegunda Turma do STF marca um dos maiores reveses da hist\u00f3ria da Lava Jato no\nSTF. A atua\u00e7\u00e3o de Moro em outra a\u00e7\u00e3o que levou \u00e0 condena\u00e7\u00e3o de Lula na Lava\nJato (a do s\u00edtio de Atibaia) foi menor: coube ao ex-juiz da Lava Jato aceitar a\nden\u00fancia e colocar o ex-presidente no banco dos r\u00e9us mais uma vez. A\ncondena\u00e7\u00e3o, no entanto, foi assinada pela ju\u00edza Gabriela Hardt, depois que o\nex-juiz j\u00e1 tinha abandonado a magistratura para assumir um cargo no primeiro\nescal\u00e3o do governo Bolsonaro.<\/p>\n\n\n\n<p><strong>ESPETACULARIZA\u00c7\u00c3O DO CASO<br>\n<\/strong>Em seu novo voto, C\u00e1rmen L\u00facia criticou a \u201cespetaculariza\u00e7\u00e3o\u201d da\ncondu\u00e7\u00e3o coercitiva de Lula, determinada por Moro em mar\u00e7o de 2016; a quebra do\nsigilo telef\u00f4nico de advogados que atuaram na defesa do petista; a divulga\u00e7\u00e3o\nde \u00e1udio entre Lula e a ex-presidente Dilma Rousseff envolvendo a nomea\u00e7\u00e3o do\npetista para a Casa Civil; e o levantamento do sigilo da dela\u00e7\u00e3o premiada do\nex-ministro Antonio Palocci durante a campanha eleitoral de 2018. Para a\nministra, esses epis\u00f3dios \u201cmaculam\u201d a atua\u00e7\u00e3o do ex-juiz federal da Lava Jato.<\/p>\n\n\n\n<p>*Estad\u00e3o<\/p>\n","protected":false},"excerpt":{"rendered":"<p>Em uma das maiores derrotas da hist\u00f3ria da Lava Jato, a Segunda Turma do Supremo Tribunal Federal (STF) decidiu nesta ter\u00e7a-feira (23) que o ex-juiz federal Sergio Moro foi parcial ao condenar o ex-presidente Luiz In\u00e1cio Lula da Silva na a\u00e7\u00e3o do tr\u00edplex do Guaruj\u00e1. O placar sofreu uma reviravolta com a mudan\u00e7a na posi\u00e7\u00e3o [&hellip;]<\/p>\n","protected":false},"author":2,"featured_media":7950,"comment_status":"open","ping_status":"open","sticky":false,"template":"","format":"standard","meta":[],"categories":[4],"tags":[14],"_links":{"self":[{"href":"https:\/\/dgospel.com.br\/portal\/index.php\/wp-json\/wp\/v2\/posts\/7949"}],"collection":[{"href":"https:\/\/dgospel.com.br\/portal\/index.php\/wp-json\/wp\/v2\/posts"}],"about":[{"href":"https:\/\/dgospel.com.br\/portal\/index.php\/wp-json\/wp\/v2\/types\/post"}],"author":[{"embeddable":true,"href":"https:\/\/dgospel.com.br\/portal\/index.php\/wp-json\/wp\/v2\/users\/2"}],"replies":[{"embeddable":true,"href":"https:\/\/dgospel.com.br\/portal\/index.php\/wp-json\/wp\/v2\/comments?post=7949"}],"version-history":[{"count":1,"href":"https:\/\/dgospel.com.br\/portal\/index.php\/wp-json\/wp\/v2\/posts\/7949\/revisions"}],"predecessor-version":[{"id":7951,"href":"https:\/\/dgospel.com.br\/portal\/index.php\/wp-json\/wp\/v2\/posts\/7949\/revisions\/7951"}],"wp:featuredmedia":[{"embeddable":true,"href":"https:\/\/dgospel.com.br\/portal\/index.php\/wp-json\/wp\/v2\/media\/7950"}],"wp:attachment":[{"href":"https:\/\/dgospel.com.br\/portal\/index.php\/wp-json\/wp\/v2\/media?parent=7949"}],"wp:term":[{"taxonomy":"category","embeddable":true,"href":"https:\/\/dgospel.com.br\/portal\/index.php\/wp-json\/wp\/v2\/categories?post=7949"},{"taxonomy":"post_tag","embeddable":true,"href":"https:\/\/dgospel.com.br\/portal\/index.php\/wp-json\/wp\/v2\/tags?post=7949"}],"curies":[{"name":"wp","href":"https:\/\/api.w.org\/{rel}","templated":true}]}}