{"id":7952,"date":"2021-03-23T22:16:14","date_gmt":"2021-03-24T01:16:14","guid":{"rendered":"http:\/\/dgospel.com.br\/portal\/?p=7952"},"modified":"2021-03-23T22:17:36","modified_gmt":"2021-03-24T01:17:36","slug":"bolsonaro-faremos-de-2021-o-ano-da-vacinacao-dos-brasileiros","status":"publish","type":"post","link":"https:\/\/dgospel.com.br\/portal\/index.php\/2021\/03\/23\/bolsonaro-faremos-de-2021-o-ano-da-vacinacao-dos-brasileiros\/","title":{"rendered":"Bolsonaro: \u2018Faremos de 2021 o ano da vacina\u00e7\u00e3o dos brasileiros\u2019"},"content":{"rendered":"\n<p>Durante pronunciamento em rede nacional de r\u00e1dio e TV nesta\nter\u00e7a-feira (23), o presidente Jair Bolsonaro falou da quest\u00e3o da Covid-19 no\npa\u00eds e afirmou que \u201cas vacinas est\u00e3o garantidas\u201d. \u00c0 popula\u00e7\u00e3o brasileira, ele\nressaltou que o pa\u00eds ter\u00e1 500 milh\u00f5es de doses de imunizantes at\u00e9 o final de\n2021 e explicou que esse ser\u00e1 \u201co ano da vacina\u00e7\u00e3o dos brasileiros\u201d.<\/p>\n\n\n\n<p>\u2013\nBoa noite. Estamos no momento de uma nova variante do coronav\u00edrus, que\ninfelizmente tem tirado a vida de muitos brasileiros. Desde o come\u00e7o, eu disse\nque t\u00ednhamos dois grandes desafios, o v\u00edrus e o desemprego. E em nenhum\nmomento, o governo deixou de tomar medidas importantes, tanto para combater o\ncoronav\u00edrus, quando o caos na economia \u2013 explicou.<\/p>\n\n\n\n<p>Bolsonaro\nent\u00e3o lembrou que o Brasil \u00e9 o quinto pa\u00eds que mais vacina do mundo e falou dos\nacordos j\u00e1 fechados pela aquisi\u00e7\u00e3o dos imunizantes.<\/p>\n\n\n\n<p>\u2013\nQuero destacar que hoje somos o quinto pa\u00eds que mais vacinou no mundo. Temos\nmais de 14 milh\u00f5es de vacinados e mais de 32 milh\u00f5es de doses de vacina\ndistribu\u00eddos para todos os estados da federa\u00e7\u00e3o, gra\u00e7as \u00e0s a\u00e7\u00f5es que tomamos\nlogo no in\u00edcio da pandemia. Em julho de 2020, assinamos um acordo com a\nUniversidade de Oxford para a produ\u00e7\u00e3o de 100 milh\u00f5es de doses da vacina\nAstrazenca e liberamos, em agosto, R$ 1,9 bilh\u00e3o. Em setembro de 2020,\nassinamos outro acordo com o Covax Facility (\u2026) Em dezembro, liberamos mais R$\n20 bilh\u00f5es, o que possibilitou a aquisi\u00e7\u00e3o da CoronaVac, atrav\u00e9s de um acordo\ncom o Instituto Butantan \u2013 apontou.<\/p>\n\n\n\n<p>O\npresidente tamb\u00e9m disse que em breve o pa\u00eds ser\u00e1 autossuficiente na produ\u00e7\u00e3o\ndas vacinas.<\/p>\n\n\n\n<p>\u2013\nSempre afirmei que adotar\u00edamos qualquer vacina, desde que aprovada pela Anvisa.\nE assim foi feito. Hoje somos produtores de vacina em territ\u00f3rio nacional (\u2026)\nEm poucos meses, seremos autossuficientes na produ\u00e7\u00e3o de vacinas. N\u00e3o sabemos\npor quanto tempo teremos que enfrentar essa doen\u00e7a, mas a produ\u00e7\u00e3o nacional vai\ngarantir que possamos vacinar os brasileiros todos os anos, independente das\nvariantes que possam surgir \u2013 afirmou.<\/p>\n\n\n\n<p>Ao\nfinal, ele mostrou solidariedade \u00e0s fam\u00edlias \u201cque tiveram perdas\u201d.<\/p>\n\n\n\n<p>\u2013 Quero tranquilizar o povo brasileiro e afirmar que as vacinas est\u00e3o garantidas. Ao final do ano, teremos alcan\u00e7ado mais de 500 milh\u00f5es de doses para vacinar toda a popula\u00e7\u00e3o. Muito em breve retomaremos nossa vida normal. Solidarizo-me com todos aqueles que tiveram perdas em suas fam\u00edlias. Que Deus conforte seus cora\u00e7\u00f5es. Estamos fazendo e vamos fazer de 2021 o ano da vacina\u00e7\u00e3o dos brasileiros. Somos incans\u00e1veis na luta contra o coronav\u00edrus. Essa \u00e9 a miss\u00e3o e vamos cumpri-la. Deus aben\u00e7oe o nosso Brasil \u2013 concluiu.<\/p>\n\n\n\n<figure class=\"wp-block-embed-youtube wp-block-embed is-type-video is-provider-youtube wp-embed-aspect-16-9 wp-has-aspect-ratio\"><div class=\"wp-block-embed__wrapper\">\n<iframe loading=\"lazy\" title=\"Pronunciamento do Presidente da Rep\u00fablica Jair Bolsonaro\" width=\"630\" height=\"354\" src=\"https:\/\/www.youtube.com\/embed\/c3JZazgNdZE?start=1&#038;feature=oembed\" frameborder=\"0\" allow=\"accelerometer; autoplay; clipboard-write; encrypted-media; gyroscope; picture-in-picture\" allowfullscreen><\/iframe>\n<\/div><\/figure>\n","protected":false},"excerpt":{"rendered":"<p>Durante pronunciamento em rede nacional de r\u00e1dio e TV nesta ter\u00e7a-feira (23), o presidente Jair Bolsonaro falou da quest\u00e3o da Covid-19 no pa\u00eds e afirmou que \u201cas vacinas est\u00e3o garantidas\u201d. \u00c0 popula\u00e7\u00e3o brasileira, ele ressaltou que o pa\u00eds ter\u00e1 500 milh\u00f5es de doses de imunizantes at\u00e9 o final de 2021 e explicou que esse ser\u00e1 [&hellip;]<\/p>\n","protected":false},"author":2,"featured_media":7953,"comment_status":"open","ping_status":"open","sticky":false,"template":"","format":"standard","meta":[],"categories":[4],"tags":[13,14],"_links":{"self":[{"href":"https:\/\/dgospel.com.br\/portal\/index.php\/wp-json\/wp\/v2\/posts\/7952"}],"collection":[{"href":"https:\/\/dgospel.com.br\/portal\/index.php\/wp-json\/wp\/v2\/posts"}],"about":[{"href":"https:\/\/dgospel.com.br\/portal\/index.php\/wp-json\/wp\/v2\/types\/post"}],"author":[{"embeddable":true,"href":"https:\/\/dgospel.com.br\/portal\/index.php\/wp-json\/wp\/v2\/users\/2"}],"replies":[{"embeddable":true,"href":"https:\/\/dgospel.com.br\/portal\/index.php\/wp-json\/wp\/v2\/comments?post=7952"}],"version-history":[{"count":2,"href":"https:\/\/dgospel.com.br\/portal\/index.php\/wp-json\/wp\/v2\/posts\/7952\/revisions"}],"predecessor-version":[{"id":7955,"href":"https:\/\/dgospel.com.br\/portal\/index.php\/wp-json\/wp\/v2\/posts\/7952\/revisions\/7955"}],"wp:featuredmedia":[{"embeddable":true,"href":"https:\/\/dgospel.com.br\/portal\/index.php\/wp-json\/wp\/v2\/media\/7953"}],"wp:attachment":[{"href":"https:\/\/dgospel.com.br\/portal\/index.php\/wp-json\/wp\/v2\/media?parent=7952"}],"wp:term":[{"taxonomy":"category","embeddable":true,"href":"https:\/\/dgospel.com.br\/portal\/index.php\/wp-json\/wp\/v2\/categories?post=7952"},{"taxonomy":"post_tag","embeddable":true,"href":"https:\/\/dgospel.com.br\/portal\/index.php\/wp-json\/wp\/v2\/tags?post=7952"}],"curies":[{"name":"wp","href":"https:\/\/api.w.org\/{rel}","templated":true}]}}