{"id":7956,"date":"2021-03-23T22:23:06","date_gmt":"2021-03-24T01:23:06","guid":{"rendered":"http:\/\/dgospel.com.br\/portal\/?p=7956"},"modified":"2021-03-23T22:23:08","modified_gmt":"2021-03-24T01:23:08","slug":"curado-da-covid-nani-azevedo-planeja-lancar-musica-que-compos-apos-deixar-uti","status":"publish","type":"post","link":"https:\/\/dgospel.com.br\/portal\/index.php\/2021\/03\/23\/curado-da-covid-nani-azevedo-planeja-lancar-musica-que-compos-apos-deixar-uti\/","title":{"rendered":"Curado da Covid, Nani Azevedo planeja lan\u00e7ar m\u00fasica que comp\u00f4s ap\u00f3s deixar UTI"},"content":{"rendered":"\n<p>Mais de dois meses ap\u00f3s receber alta da UTI por complica\u00e7\u00f5es\nocasionadas pela Covid-19, o cantor Nani Azevedo lan\u00e7a o EP Pra Quem Tem F\u00e9. O\nnovo \u00e1lbum foi gravado no Paran\u00e1, com participa\u00e7\u00e3o de um coral formado por 80\njovens e adolescentes das cidades de Londrina, Arapongas e Rol\u00e2ndia.<\/p>\n\n\n\n<p>\u2013\nComo em toda grava\u00e7\u00e3o minha, essa tamb\u00e9m acabou virando um culto. Esse projeto\ntraz uma mensagem de f\u00e9 para que o povo n\u00e3o desista e creia que o seu milagre\nj\u00e1 est\u00e1 com tempo marcado e que pode ser hoje. O p\u00fablico vai ouvir uma palavra\nde \u00e2nimo de que \u201cnenhum gigante impede a festa\u201d \u2013 disse o cantor.<\/p>\n\n\n\n<p>Lan\u00e7ada\nem janeiro deste ano, a m\u00fasica Pra Quem Tem F\u00e9, que d\u00e1 nome ao projeto, tem\ntido boa aceita\u00e7\u00e3o nas igrejas, nas r\u00e1dios e no YouTube.<\/p>\n\n\n\n<p>O\nnovo EP do cantor ainda traz a regrava\u00e7\u00e3o da can\u00e7\u00e3o Bendito Serei.<\/p>\n\n\n\n<p>\u2013\nColocamos uma roupagem atual, com um som mais adequado e limpo. Bendito Serei\nvirou um hino nas igrejas e quero sempre fazer uma nova roupagem das m\u00fasicas\nmais antigas a cada ano, para que elas tenham uma nova cara nesse novo tempo \u2013\nexplicou o artista.<\/p>\n\n\n\n<p>E como nunca para, Nani Azevedo j\u00e1 tem planos para lan\u00e7ar mais uma m\u00fasica, que foi escrita assim que ele saiu da UTI. De acordo com ele, \u201c\u00e9 uma m\u00fasica muito linda e que vai aben\u00e7oar muita gente, e ainda farei mais um EP para completar o ano\u201d.<\/p>\n\n\n\n<figure class=\"wp-block-embed-youtube wp-block-embed is-type-video is-provider-youtube wp-embed-aspect-16-9 wp-has-aspect-ratio\"><div class=\"wp-block-embed__wrapper\">\n<iframe loading=\"lazy\" title=\"Nani Azevedo - Pra Quem Tem F\u00e9 (V\u00eddeo Oficial)\" width=\"630\" height=\"354\" src=\"https:\/\/www.youtube.com\/embed\/P1axlSgf8Xo?feature=oembed\" frameborder=\"0\" allow=\"accelerometer; autoplay; clipboard-write; encrypted-media; gyroscope; picture-in-picture\" allowfullscreen><\/iframe>\n<\/div><\/figure>\n","protected":false},"excerpt":{"rendered":"<p>Mais de dois meses ap\u00f3s receber alta da UTI por complica\u00e7\u00f5es ocasionadas pela Covid-19, o cantor Nani Azevedo lan\u00e7a o EP Pra Quem Tem F\u00e9. O novo \u00e1lbum foi gravado no Paran\u00e1, com participa\u00e7\u00e3o de um coral formado por 80 jovens e adolescentes das cidades de Londrina, Arapongas e Rol\u00e2ndia. \u2013 Como em toda grava\u00e7\u00e3o [&hellip;]<\/p>\n","protected":false},"author":2,"featured_media":7957,"comment_status":"open","ping_status":"open","sticky":false,"template":"","format":"standard","meta":[],"categories":[17,5],"tags":[],"_links":{"self":[{"href":"https:\/\/dgospel.com.br\/portal\/index.php\/wp-json\/wp\/v2\/posts\/7956"}],"collection":[{"href":"https:\/\/dgospel.com.br\/portal\/index.php\/wp-json\/wp\/v2\/posts"}],"about":[{"href":"https:\/\/dgospel.com.br\/portal\/index.php\/wp-json\/wp\/v2\/types\/post"}],"author":[{"embeddable":true,"href":"https:\/\/dgospel.com.br\/portal\/index.php\/wp-json\/wp\/v2\/users\/2"}],"replies":[{"embeddable":true,"href":"https:\/\/dgospel.com.br\/portal\/index.php\/wp-json\/wp\/v2\/comments?post=7956"}],"version-history":[{"count":1,"href":"https:\/\/dgospel.com.br\/portal\/index.php\/wp-json\/wp\/v2\/posts\/7956\/revisions"}],"predecessor-version":[{"id":7958,"href":"https:\/\/dgospel.com.br\/portal\/index.php\/wp-json\/wp\/v2\/posts\/7956\/revisions\/7958"}],"wp:featuredmedia":[{"embeddable":true,"href":"https:\/\/dgospel.com.br\/portal\/index.php\/wp-json\/wp\/v2\/media\/7957"}],"wp:attachment":[{"href":"https:\/\/dgospel.com.br\/portal\/index.php\/wp-json\/wp\/v2\/media?parent=7956"}],"wp:term":[{"taxonomy":"category","embeddable":true,"href":"https:\/\/dgospel.com.br\/portal\/index.php\/wp-json\/wp\/v2\/categories?post=7956"},{"taxonomy":"post_tag","embeddable":true,"href":"https:\/\/dgospel.com.br\/portal\/index.php\/wp-json\/wp\/v2\/tags?post=7956"}],"curies":[{"name":"wp","href":"https:\/\/api.w.org\/{rel}","templated":true}]}}