{"id":7959,"date":"2021-03-24T12:41:01","date_gmt":"2021-03-24T15:41:01","guid":{"rendered":"http:\/\/dgospel.com.br\/portal\/?p=7959"},"modified":"2021-03-24T12:41:02","modified_gmt":"2021-03-24T15:41:02","slug":"bolsonaro-anuncia-criacao-de-comite-semanal-contra-covid-19","status":"publish","type":"post","link":"https:\/\/dgospel.com.br\/portal\/index.php\/2021\/03\/24\/bolsonaro-anuncia-criacao-de-comite-semanal-contra-covid-19\/","title":{"rendered":"Bolsonaro anuncia cria\u00e7\u00e3o de comit\u00ea semanal contra Covid-19"},"content":{"rendered":"\n<p>Ap\u00f3s a reuni\u00e3o entre o presidente da Rep\u00fablica, Jair Bolsonaro, representantes dos Tr\u00eas Poderes e diversos governadores, na manh\u00e3 desta quarta-feira (24), o chefe do Executivo anunciou que ser\u00e1 criado um comit\u00ea envolvendo diversas autoridades para discutir as estrat\u00e9gias de combate da Covid-19.<\/p>\n\n\n\n<p>Ainda sem entrar em maiores detalhes como a data de implementa\u00e7\u00e3o do projeto, Bolsonaro informou que o grupo dever\u00e1 se reunir todas as semanas para discutir os poss\u00edveis rumos e diretrizes que o pa\u00eds adotar\u00e1 para tentar conter o avan\u00e7o do v\u00edrus no territ\u00f3rio brasileiro.<\/p>\n\n\n\n<p>\u2013 Resolvemos entre outras coisas, que ser\u00e1 criada uma coordena\u00e7\u00e3o junto aos governadores, com o senhor presidente do Senado Federal. Da nossa parte, um comit\u00ea que se reunir\u00e1 toda a semana com autoridades para decidirmos ou redirecionarmos o rumo do combate ao coronav\u00edrus \u2013 destacou.<\/p>\n\n\n\n<p>O presidente ainda destacou que o encontro abordou a preocupa\u00e7\u00e3o com a vacina\u00e7\u00e3o em massa no pa\u00eds e a possibilidade do tratamento precoce, com a liberdade para que os m\u00e9dicos prescrevam medicamentos off-label (uso diferente do prescrito na bula) no combate da pandemia.<\/p>\n\n\n\n<p>\u2013 \u00c9 uma doen\u00e7a ainda desconhecida, uma nova cepa ou um novo v\u00edrus apareceu. N\u00f3s, obviamente, cada vez mais nos preocupamos em dar o atendimento adequado a essas pessoas. N\u00e3o temos o rem\u00e9dio, mas a nossa uni\u00e3o, o nosso esfor\u00e7o, entre os Tr\u00eas Poderes da Rep\u00fablica, em nos direcionar \u00e0quilo que interessa, creio que seja o caminho para sair dessa situa\u00e7\u00e3o \u2013 completou.<\/p>\n","protected":false},"excerpt":{"rendered":"<p>Ap\u00f3s a reuni\u00e3o entre o presidente da Rep\u00fablica, Jair Bolsonaro, representantes dos Tr\u00eas Poderes e diversos governadores, na manh\u00e3 desta quarta-feira (24), o chefe do Executivo anunciou que ser\u00e1 criado um comit\u00ea envolvendo diversas autoridades para discutir as estrat\u00e9gias de combate da Covid-19. Ainda sem entrar em maiores detalhes como a data de implementa\u00e7\u00e3o do [&hellip;]<\/p>\n","protected":false},"author":2,"featured_media":7960,"comment_status":"open","ping_status":"open","sticky":false,"template":"","format":"standard","meta":[],"categories":[4],"tags":[14],"_links":{"self":[{"href":"https:\/\/dgospel.com.br\/portal\/index.php\/wp-json\/wp\/v2\/posts\/7959"}],"collection":[{"href":"https:\/\/dgospel.com.br\/portal\/index.php\/wp-json\/wp\/v2\/posts"}],"about":[{"href":"https:\/\/dgospel.com.br\/portal\/index.php\/wp-json\/wp\/v2\/types\/post"}],"author":[{"embeddable":true,"href":"https:\/\/dgospel.com.br\/portal\/index.php\/wp-json\/wp\/v2\/users\/2"}],"replies":[{"embeddable":true,"href":"https:\/\/dgospel.com.br\/portal\/index.php\/wp-json\/wp\/v2\/comments?post=7959"}],"version-history":[{"count":1,"href":"https:\/\/dgospel.com.br\/portal\/index.php\/wp-json\/wp\/v2\/posts\/7959\/revisions"}],"predecessor-version":[{"id":7961,"href":"https:\/\/dgospel.com.br\/portal\/index.php\/wp-json\/wp\/v2\/posts\/7959\/revisions\/7961"}],"wp:featuredmedia":[{"embeddable":true,"href":"https:\/\/dgospel.com.br\/portal\/index.php\/wp-json\/wp\/v2\/media\/7960"}],"wp:attachment":[{"href":"https:\/\/dgospel.com.br\/portal\/index.php\/wp-json\/wp\/v2\/media?parent=7959"}],"wp:term":[{"taxonomy":"category","embeddable":true,"href":"https:\/\/dgospel.com.br\/portal\/index.php\/wp-json\/wp\/v2\/categories?post=7959"},{"taxonomy":"post_tag","embeddable":true,"href":"https:\/\/dgospel.com.br\/portal\/index.php\/wp-json\/wp\/v2\/tags?post=7959"}],"curies":[{"name":"wp","href":"https:\/\/api.w.org\/{rel}","templated":true}]}}