{"id":796,"date":"2018-07-19T09:26:26","date_gmt":"2018-07-19T12:26:26","guid":{"rendered":"http:\/\/dgospel.com.br\/portal\/?p=796"},"modified":"2018-07-19T09:26:48","modified_gmt":"2018-07-19T12:26:48","slug":"apos-24-anos-cantando-juntos-rayssa-e-ravel-anunciam-carreiras-solo","status":"publish","type":"post","link":"https:\/\/dgospel.com.br\/portal\/index.php\/2018\/07\/19\/apos-24-anos-cantando-juntos-rayssa-e-ravel-anunciam-carreiras-solo\/","title":{"rendered":"Ap\u00f3s 24 anos cantando juntos Rayssa e Ravel anunciam carreiras solo"},"content":{"rendered":"<p style=\"background: white; margin: 0cm 0cm 22.5pt 0cm;\"><span style=\"font-family: 'Arial','sans-serif'; color: #484848; letter-spacing: -.45pt;\">At\u00e9 hoje insepar\u00e1veis, os irm\u00e3os Rayssa e Ravel anunciaram que pretendem seguir cada um em carreira solo ap\u00f3s quase 25 anos cantando juntos.<\/span><\/p>\n<p style=\"background: white; margin: 0cm 0cm 22.5pt 0cm;\"><span style=\"font-family: 'Arial','sans-serif'; color: #484848; letter-spacing: -.45pt;\">O an\u00fancio foi feito pela executiva da Gra\u00e7a Music Shirley Thomaz ap\u00f3s uma reuni\u00e3o na sede da gravadora no Rio de Janeiro (RJ). \u201cAp\u00f3s tantos anos ministrando juntos, agora, veremos cada um em sua individualidade musical\u201d, explicou Shirley.<\/span><\/p>\n<p><iframe style=\"box-sizing: border-box; height: 1px; width: 1px; float: none; overflow: hidden; border-width: 0px; padding: 0px; margin: 0px;\" frameborder=\"0\" scrolling=\"no\" data-mce-fragment=\"1\"><\/iframe><span style=\"font-family: 'Arial','sans-serif'; color: #484848; letter-spacing: -.45pt;\">Segundo os dois artistas, a separa\u00e7\u00e3o da dupla foi de comum acordo. Para Ravel, a decis\u00e3o tem o objetivo de explorar a individualidade musical de cada um. \u201cEsse projeto ser\u00e1 uma grande surpresa para todos, pois est\u00e3o todos muito acostumados comigo como segunda voz. Agora, poderei cantar de maneira mais livre, mostrando at\u00e9 um pouco mais da minha voz para voc\u00eas\u201d.<\/span><\/p>\n<p style=\"background: white; margin: 0cm 0cm 22.5pt 0cm;\"><span style=\"font-family: 'Arial','sans-serif'; color: #484848; letter-spacing: -.45pt;\">Segundo os dois artistas, a separa\u00e7\u00e3o da dupla foi de comum acordo. Para Ravel, a decis\u00e3o tem o objetivo de explorar a individualidade musical de cada um. \u201cEsse projeto ser\u00e1 uma grande surpresa para todos, pois est\u00e3o todos muito acostumados comigo como segunda voz. Agora, poderei cantar de maneira mais livre, mostrando at\u00e9 um pouco mais da minha voz para voc\u00eas\u201d.<\/span><\/p>\n<p>Opini\u00e3o compartilhada pela cantora Rayssa. \u201cSempre entramos em acordo para tudo na dupla, mas cada um tem a sua prefer\u00eancia. Vai ser b\u00ean\u00e7\u00e3o, tenho certeza\u201d, confirmou<\/p>\n<p style=\"background: white; margin: 0cm 0cm 22.5pt 0cm;\"><span style=\"font-family: 'Arial','sans-serif'; color: #484848; letter-spacing: -.45pt;\">Essa n\u00e3o \u00e9 a primeira vez que um dos dois artistas gravar\u00e1 sozinho. Tanto Rayssa, quanto Ravel t\u00eam dois \u00e1lbuns solo lan\u00e7ados entre 1994 e 1995 logo ap\u00f3s ficarem conhecidos em todo o pa\u00eds pela can\u00e7\u00e3o \u201cNascer de Novo\u201d.<\/span><\/p>\n<p style=\"background: white; margin: 0cm 0cm 22.5pt 0cm;\"><span style=\"font-family: 'Arial','sans-serif'; color: #484848; letter-spacing: -.45pt;\">Rayssa na verdade se chama Cl\u00e1udia e recebeu o nome art\u00edstico do sobrinho da cantora Roberta Miranda quando atuou como backing vocal da cantora sertaneja. J\u00e1 Ravel se chama Franciliano Ferreira e, ao lado da irm\u00e3, assina composi\u00e7\u00f5es que foram gravadas por grandes nomes como Daniel e Samuel.<\/span><\/p>\n<p><strong>Assista a entrevista completa dos dois irm\u00e3os!<\/strong><\/p>\n<p><iframe loading=\"lazy\" title=\"Bastidores da divulga\u00e7\u00e3o do projeto solo de Rayssa e de Ravel [ MAKING OF ]\" width=\"630\" height=\"354\" src=\"https:\/\/www.youtube.com\/embed\/TJdAsP0aOiU?feature=oembed\" frameborder=\"0\" allow=\"accelerometer; autoplay; encrypted-media; gyroscope; picture-in-picture\" allowfullscreen><\/iframe><\/p>\n<p>Fonte: gospelprime\/Por Douglas de Barros<\/p>\n","protected":false},"excerpt":{"rendered":"<p>At\u00e9 hoje insepar\u00e1veis, os irm\u00e3os Rayssa e Ravel anunciaram que pretendem seguir cada um em carreira solo ap\u00f3s quase 25 anos cantando juntos. O an\u00fancio foi feito pela executiva da Gra\u00e7a Music Shirley Thomaz ap\u00f3s uma reuni\u00e3o na sede da gravadora no Rio de Janeiro (RJ). \u201cAp\u00f3s tantos anos ministrando juntos, agora, veremos cada um [&hellip;]<\/p>\n","protected":false},"author":2,"featured_media":797,"comment_status":"open","ping_status":"open","sticky":false,"template":"","format":"standard","meta":[],"categories":[2,5],"tags":[],"_links":{"self":[{"href":"https:\/\/dgospel.com.br\/portal\/index.php\/wp-json\/wp\/v2\/posts\/796"}],"collection":[{"href":"https:\/\/dgospel.com.br\/portal\/index.php\/wp-json\/wp\/v2\/posts"}],"about":[{"href":"https:\/\/dgospel.com.br\/portal\/index.php\/wp-json\/wp\/v2\/types\/post"}],"author":[{"embeddable":true,"href":"https:\/\/dgospel.com.br\/portal\/index.php\/wp-json\/wp\/v2\/users\/2"}],"replies":[{"embeddable":true,"href":"https:\/\/dgospel.com.br\/portal\/index.php\/wp-json\/wp\/v2\/comments?post=796"}],"version-history":[{"count":2,"href":"https:\/\/dgospel.com.br\/portal\/index.php\/wp-json\/wp\/v2\/posts\/796\/revisions"}],"predecessor-version":[{"id":799,"href":"https:\/\/dgospel.com.br\/portal\/index.php\/wp-json\/wp\/v2\/posts\/796\/revisions\/799"}],"wp:featuredmedia":[{"embeddable":true,"href":"https:\/\/dgospel.com.br\/portal\/index.php\/wp-json\/wp\/v2\/media\/797"}],"wp:attachment":[{"href":"https:\/\/dgospel.com.br\/portal\/index.php\/wp-json\/wp\/v2\/media?parent=796"}],"wp:term":[{"taxonomy":"category","embeddable":true,"href":"https:\/\/dgospel.com.br\/portal\/index.php\/wp-json\/wp\/v2\/categories?post=796"},{"taxonomy":"post_tag","embeddable":true,"href":"https:\/\/dgospel.com.br\/portal\/index.php\/wp-json\/wp\/v2\/tags?post=796"}],"curies":[{"name":"wp","href":"https:\/\/api.w.org\/{rel}","templated":true}]}}