{"id":7963,"date":"2021-03-24T16:38:22","date_gmt":"2021-03-24T19:38:22","guid":{"rendered":"http:\/\/dgospel.com.br\/portal\/?p=7963"},"modified":"2021-03-24T16:38:23","modified_gmt":"2021-03-24T19:38:23","slug":"na-tribuna-da-camara-rubens-uchoa-rebate-discurso-preconceituoso-contra-os-evangelicos-do-deputado-ze-roberto","status":"publish","type":"post","link":"https:\/\/dgospel.com.br\/portal\/index.php\/2021\/03\/24\/na-tribuna-da-camara-rubens-uchoa-rebate-discurso-preconceituoso-contra-os-evangelicos-do-deputado-ze-roberto\/","title":{"rendered":"Na tribuna da C\u00e2mara Rubens Uch\u00f4a rebate discurso preconceituoso contra os evang\u00e9licos  do deputado  Z\u00e9 Roberto"},"content":{"rendered":"\n<p>O vereador Rubens Uch\u00f4a (Cidadania), fez\num discurso bastante emocionado na tribuna da C\u00e2mara Municipal de Palmas, durante\nsess\u00e3o realizada na manh\u00e3 desta quarta-feira, 24. O parlamentar disse est\u00e1\nmuito triste com perdas de pessoas amigas, e ainda ouvir acusa\u00e7\u00f5es maldosas e\npreconceituosas do deputado Z\u00e9 Roberto (PT) \u00e0s Igrejas Evang\u00e9licas e aos\npoliciais como divulgadores de Fake News.<\/p>\n\n\n\n<p>\u201cN\u00f3s fomos atacados como igreja, fomos agredidos\nverbalmente por um deputado do PT. Isso \u00e9 muita maldade dizer que as igrejas\ns\u00e3o propagadoras de Fake News\u201d, disse.<\/p>\n\n\n\n<p>Rubens Uch\u00f4a explicou que nesse tempo de\npandemia, muitos pastores t\u00eam dado a pr\u00f3pria vida, alguns tem pego covid-19, por\nn\u00e3o quererem parar com objetivo de salvar vidas. \u201cPorque a situa\u00e7\u00e3o tamb\u00e9m \u00e9 espiritual, o povo n\u00e3o morre s\u00f3 de\ncovid, mas tamb\u00e9m de depress\u00e3o, afeta o psicol\u00f3gico\u201d, explicou o vereador.<\/p>\n\n\n\n<p>\u201cDo\u00ed saber que um deputado usa a tribuna\npara dizer que os pastores s\u00e3o propagadores de Fake News, isso \u00e9 revoltante,\npois a igreja tem um papel muito importante, e pode ter certeza que essa mesma\nigreja que est\u00e1 sendo acusada por esse deputado, \u00e9 a mesma que vai orar para\nDeus d\u00e1 sabedoria a ele, para que possa entender que a igreja tem feito a\ndiferen\u00e7a\u201d, disse o parlamentar. <\/p>\n\n\n\n<p>O\nvereador Rubens Uchoa j\u00e1 havia se manifestou atrav\u00e9s de nota repudiando as\ndeclara\u00e7\u00f5es do deputado Estadual&nbsp;Z\u00e9 Roberto em que fez graves acusa\u00e7\u00f5es \u00e0s\nfor\u00e7as de seguran\u00e7a, Policia Militar, Policia Federal, Pol\u00edcia Civil,\nvigilante, grupo de empresariado, agroneg\u00f3cio e igrejas evang\u00e9licas, como\nentidades que espalham mentiras, e batalham contra o isolamento social e contra\na vacina no combate o coronavirus.<\/p>\n\n\n\n<p>Atrav\u00e9s de nota,\no vereador Uchoa, disse considerar reprov\u00e1vel e repugnantes as acusa\u00e7\u00f5es feitas\npelo o deputado Z\u00e9 Roberto. \u201cN\u00e3o \u00e9 aceit\u00e1vel um discurso de discrimina\u00e7\u00e3o e\n\u00f3dio por uma figura p\u00fablica, que deveria pelo menos respeitar estas\ninstitui\u00e7\u00f5es\u201d.<\/p>\n","protected":false},"excerpt":{"rendered":"<p>O vereador Rubens Uch\u00f4a (Cidadania), fez um discurso bastante emocionado na tribuna da C\u00e2mara Municipal de Palmas, durante sess\u00e3o realizada na manh\u00e3 desta quarta-feira, 24. O parlamentar disse est\u00e1 muito triste com perdas de pessoas amigas, e ainda ouvir acusa\u00e7\u00f5es maldosas e preconceituosas do deputado Z\u00e9 Roberto (PT) \u00e0s Igrejas Evang\u00e9licas e aos policiais como [&hellip;]<\/p>\n","protected":false},"author":2,"featured_media":7964,"comment_status":"open","ping_status":"open","sticky":false,"template":"","format":"standard","meta":[],"categories":[8],"tags":[13],"_links":{"self":[{"href":"https:\/\/dgospel.com.br\/portal\/index.php\/wp-json\/wp\/v2\/posts\/7963"}],"collection":[{"href":"https:\/\/dgospel.com.br\/portal\/index.php\/wp-json\/wp\/v2\/posts"}],"about":[{"href":"https:\/\/dgospel.com.br\/portal\/index.php\/wp-json\/wp\/v2\/types\/post"}],"author":[{"embeddable":true,"href":"https:\/\/dgospel.com.br\/portal\/index.php\/wp-json\/wp\/v2\/users\/2"}],"replies":[{"embeddable":true,"href":"https:\/\/dgospel.com.br\/portal\/index.php\/wp-json\/wp\/v2\/comments?post=7963"}],"version-history":[{"count":1,"href":"https:\/\/dgospel.com.br\/portal\/index.php\/wp-json\/wp\/v2\/posts\/7963\/revisions"}],"predecessor-version":[{"id":7965,"href":"https:\/\/dgospel.com.br\/portal\/index.php\/wp-json\/wp\/v2\/posts\/7963\/revisions\/7965"}],"wp:featuredmedia":[{"embeddable":true,"href":"https:\/\/dgospel.com.br\/portal\/index.php\/wp-json\/wp\/v2\/media\/7964"}],"wp:attachment":[{"href":"https:\/\/dgospel.com.br\/portal\/index.php\/wp-json\/wp\/v2\/media?parent=7963"}],"wp:term":[{"taxonomy":"category","embeddable":true,"href":"https:\/\/dgospel.com.br\/portal\/index.php\/wp-json\/wp\/v2\/categories?post=7963"},{"taxonomy":"post_tag","embeddable":true,"href":"https:\/\/dgospel.com.br\/portal\/index.php\/wp-json\/wp\/v2\/tags?post=7963"}],"curies":[{"name":"wp","href":"https:\/\/api.w.org\/{rel}","templated":true}]}}