{"id":7966,"date":"2021-03-24T16:51:52","date_gmt":"2021-03-24T19:51:52","guid":{"rendered":"http:\/\/dgospel.com.br\/portal\/?p=7966"},"modified":"2021-03-24T16:51:54","modified_gmt":"2021-03-24T19:51:54","slug":"lockdown-fux-cassa-liminar-que-liberava-cidadao-a-se-locomover","status":"publish","type":"post","link":"https:\/\/dgospel.com.br\/portal\/index.php\/2021\/03\/24\/lockdown-fux-cassa-liminar-que-liberava-cidadao-a-se-locomover\/","title":{"rendered":"Lockdown: Fux cassa liminar que liberava cidad\u00e3o a se locomover"},"content":{"rendered":"\n<p> O ministro\u00a0<a rel=\"noreferrer noopener\" href=\"https:\/\/pleno.news\/tag\/fux\" target=\"_blank\">Luiz Fux<\/a>, presidente do Supremo Tribunal Federal (<a rel=\"noreferrer noopener\" href=\"https:\/\/pleno.news\/tag\/stf\" target=\"_blank\">STF<\/a>), cassou uma decis\u00e3o da Justi\u00e7a de S\u00e3o Paulo (TJ-SP), a favor de um advogado de S\u00e3o Jos\u00e9 do Rio Preto (SP), em que o profissional alegava receio de sofrer \u201cconstrangimento\u201d em sua liberdade de locomo\u00e7\u00e3o no per\u00edodo de restri\u00e7\u00f5es por conta da Covid-19. No HC, ficava permitida a locomo\u00e7\u00e3o do homem pela cidade. <\/p>\n\n\n\n<p> Na decis\u00e3o, tomada por Fux na ter\u00e7a-feira (23), o ministro afirmou que a defini\u00e7\u00e3o em favor do advogado representaria \u201cpotencial risco de viola\u00e7\u00e3o \u00e0 ordem p\u00fablico-administrativa, no \u00e2mbito do de S\u00e3o Jos\u00e9 do Rio Preto\/SP e regi\u00e3o, bem como \u00e0 sa\u00fade p\u00fablica, dada a real possibilidade que venha a desestruturar as medidas por ele adotadas como forma de fazer frente a essa epidemia\u201d. <\/p>\n\n\n\n<p>\u2013 A medida restritiva em quest\u00e3o se revela dotada de razoabilidade, haja vista o cen\u00e1rio relatado de colapso do sistema de sa\u00fade e a exist\u00eancia de exce\u00e7\u00f5es \u00e0 veda\u00e7\u00e3o \u00e0 circula\u00e7\u00e3o, al\u00e9m da limita\u00e7\u00e3o temporal de sua vig\u00eancia, de apenas poucos dias \u2013 declarou.<\/p>\n\n\n\n<p>O ministro ainda citou a defini\u00e7\u00e3o tomada pela Suprema Corte, em abril do ano passado, que determinou a compet\u00eancia concorrente das tr\u00eas esferas do Poder Executivo para determinar medidas de restri\u00e7\u00e3o de circula\u00e7\u00e3o. Na senten\u00e7a de ter\u00e7a, o ministro afirmou que a pandemia \u201cexige a tomada de medidas coordenadas e voltadas ao bem comum\u201d.<\/p>\n\n\n\n<p>\u2013 O Plen\u00e1rio desta Suprema Corte no referendo da medida cautelar proferida na ADI 6.341 \u2013 a\u00e7\u00e3o proposta em face de dispositivos da Lei Federal 13.979\/2020 -, ocasi\u00e3o em que restou consignado que os entes federativos possuem compet\u00eancia administrativa comum e legislativa concorrente para dispor sobre o funcionamento de servi\u00e7os p\u00fablicos e outras atividades \u2013 afirmou.<\/p>\n\n\n\n<p>No dia 22 de mar\u00e7o, o TJ-SP concedeu um habeas corpus preventivo a um advogado que recorreu ao TJ contra o decreto de lockdown em vigor em S\u00e3o Jos\u00e9 do Rio Preto desde o dia 17 de mar\u00e7o. O advogado alegou receio de sofrer \u201cconstrangimento ilegal\u201d com a norma. Ao avaliar o pedido, o desembargador Souza Meirelles considerou as regras municipais como \u201cbizarras\u201d.<\/p>\n\n\n\n<p>\u2013 Em realidade, a edi\u00e7\u00e3o do Decreto 18.861 (lockdown), a despeito de conter algumas medidas necess\u00e1rias, essenciais e leg\u00edtimas para a vigil\u00e2ncia quanto \u00e0 dissemina\u00e7\u00e3o do v\u00edrus, desbordou-se a implantar um bizarro \u2018Estado de S\u00edtio Municipal\u2019 (sic), tanto assim que o texto inspirou sua anatomia estrutural num prov\u00e1vel Decreto Presidencial \u2013 escreveu o desembargador.<\/p>\n","protected":false},"excerpt":{"rendered":"<p>O ministro\u00a0Luiz Fux, presidente do Supremo Tribunal Federal (STF), cassou uma decis\u00e3o da Justi\u00e7a de S\u00e3o Paulo (TJ-SP), a favor de um advogado de S\u00e3o Jos\u00e9 do Rio Preto (SP), em que o profissional alegava receio de sofrer \u201cconstrangimento\u201d em sua liberdade de locomo\u00e7\u00e3o no per\u00edodo de restri\u00e7\u00f5es por conta da Covid-19. No HC, ficava [&hellip;]<\/p>\n","protected":false},"author":2,"featured_media":7967,"comment_status":"open","ping_status":"open","sticky":false,"template":"","format":"standard","meta":[],"categories":[4],"tags":[],"_links":{"self":[{"href":"https:\/\/dgospel.com.br\/portal\/index.php\/wp-json\/wp\/v2\/posts\/7966"}],"collection":[{"href":"https:\/\/dgospel.com.br\/portal\/index.php\/wp-json\/wp\/v2\/posts"}],"about":[{"href":"https:\/\/dgospel.com.br\/portal\/index.php\/wp-json\/wp\/v2\/types\/post"}],"author":[{"embeddable":true,"href":"https:\/\/dgospel.com.br\/portal\/index.php\/wp-json\/wp\/v2\/users\/2"}],"replies":[{"embeddable":true,"href":"https:\/\/dgospel.com.br\/portal\/index.php\/wp-json\/wp\/v2\/comments?post=7966"}],"version-history":[{"count":1,"href":"https:\/\/dgospel.com.br\/portal\/index.php\/wp-json\/wp\/v2\/posts\/7966\/revisions"}],"predecessor-version":[{"id":7968,"href":"https:\/\/dgospel.com.br\/portal\/index.php\/wp-json\/wp\/v2\/posts\/7966\/revisions\/7968"}],"wp:featuredmedia":[{"embeddable":true,"href":"https:\/\/dgospel.com.br\/portal\/index.php\/wp-json\/wp\/v2\/media\/7967"}],"wp:attachment":[{"href":"https:\/\/dgospel.com.br\/portal\/index.php\/wp-json\/wp\/v2\/media?parent=7966"}],"wp:term":[{"taxonomy":"category","embeddable":true,"href":"https:\/\/dgospel.com.br\/portal\/index.php\/wp-json\/wp\/v2\/categories?post=7966"},{"taxonomy":"post_tag","embeddable":true,"href":"https:\/\/dgospel.com.br\/portal\/index.php\/wp-json\/wp\/v2\/tags?post=7966"}],"curies":[{"name":"wp","href":"https:\/\/api.w.org\/{rel}","templated":true}]}}