{"id":7969,"date":"2021-03-24T22:55:06","date_gmt":"2021-03-25T01:55:06","guid":{"rendered":"http:\/\/dgospel.com.br\/portal\/?p=7969"},"modified":"2021-03-24T22:55:07","modified_gmt":"2021-03-25T01:55:07","slug":"meta-e-aplicar-um-milhao-de-vacinas-por-dia-diz-queiroga","status":"publish","type":"post","link":"https:\/\/dgospel.com.br\/portal\/index.php\/2021\/03\/24\/meta-e-aplicar-um-milhao-de-vacinas-por-dia-diz-queiroga\/","title":{"rendered":"\u201cMeta \u00e9 aplicar um milh\u00e3o de vacinas por dia\u201d, diz Queiroga"},"content":{"rendered":"\n<p> Em sua primeira entrevista ap\u00f3s assumir o Minist\u00e9rio da Sa\u00fade, Marcelo Queiroga falou, nesta quarta-feira (24), que a meta do governo, no curto prazo, \u00e9 a de aplicar um milh\u00e3o de vacinas contra a Covid-19 todos os dias. O novo ministro tamb\u00e9m explicou que ir\u00e1 criar a Secretaria Especial de Combate \u00e0 Pandemia com funcionamento por 24 horas por dia. <\/p>\n\n\n\n<p> Marcelo Queiroga come\u00e7ou a falar sobre o assunto explicando a vontade dos brasileiros em se vacinar.<\/p>\n\n\n\n<p>\u2013 A grande ferramenta para a concretude das pol\u00edticas p\u00fablicas \u00e9 o Sistema \u00danico de Sa\u00fade (\u2026) O compromisso n\u00famero 1 do nosso governo \u00e9 com a implementa\u00e7\u00e3o de uma forte campanha de vacina\u00e7\u00e3o. Todos sabem o esfor\u00e7o que foi feito para buscar vacinas (\u2026) Hoje sabemos que 95% da popula\u00e7\u00e3o brasileira deseja ser imunizada. E n\u00f3s, agentes p\u00fablicos, temos que focar todos os esfor\u00e7os para que o programa tenha concretude \u2013 afirmou.<\/p>\n\n\n\n<p>Ele disse ainda que apesar de o n\u00famero poder ser maior, ainda \u00e9 preciso buscar mais imunizantes.<\/p>\n\n\n\n<p>\u2013 Com a pandemia da Covid-19, a determina\u00e7\u00e3o expressa do presidente da Rep\u00fablica \u00e9 para que consigamos ampliar esse n\u00famero de vacina\u00e7\u00e3o. Temos condi\u00e7\u00f5es de vacinar muitas pessoas. Atualmente vacinamos 300 mil indiv\u00edduos todos os dias. E o ministro da Sa\u00fade e o governo assumem o compromisso de, em curto prazo, aumentar pelo menos em tr\u00eas vezes a velocidade de vacina\u00e7\u00e3o, para um milh\u00e3o de vacinas todos os dia. \u00c9 uma meta plaus\u00edvel. Temos condi\u00e7\u00f5es de ampliar ainda mais. N\u00e3o quero me comprometer, porque precisamos buscar mais vacinas. E temos a ind\u00fastria de vacinas nacional \u2013 explicou.<\/p>\n\n\n\n<p>O ministro ent\u00e3o apontou que recebeu autonomia do presidente Jair Bolsonaro para indicar seus secret\u00e1rios.<\/p>\n\n\n\n<p>\u2013 Outro ponto. O senhor presidente da Rep\u00fablica me deu absoluta autonomia para indicar o secretariado do Minist\u00e9rio da Sa\u00fade (\u2026) Estamos agora com o firme prop\u00f3sito de instituir uma secretaria especial para o combate \u00e0 pandemia de Covid-19. Essa secretaria vai cuidar apenas da pandemia, porque sabemos que al\u00e9m da pandemia, as pessoas continuam tendo doen\u00e7as cardiovasculares, c\u00e2ncer e outros males que nos espreitam no dia a dia. E o Minist\u00e9rio da Sa\u00fade precisa continuar atendendo todos esses pacientes. Ent\u00e3o a Secretaria Especial de Combate \u00e0 Pandemia vai funcionar 24 horas por dia \u2013 destacou.<\/p>\n","protected":false},"excerpt":{"rendered":"<p>Em sua primeira entrevista ap\u00f3s assumir o Minist\u00e9rio da Sa\u00fade, Marcelo Queiroga falou, nesta quarta-feira (24), que a meta do governo, no curto prazo, \u00e9 a de aplicar um milh\u00e3o de vacinas contra a Covid-19 todos os dias. O novo ministro tamb\u00e9m explicou que ir\u00e1 criar a Secretaria Especial de Combate \u00e0 Pandemia com funcionamento [&hellip;]<\/p>\n","protected":false},"author":2,"featured_media":7970,"comment_status":"open","ping_status":"open","sticky":false,"template":"","format":"standard","meta":[],"categories":[4],"tags":[14],"_links":{"self":[{"href":"https:\/\/dgospel.com.br\/portal\/index.php\/wp-json\/wp\/v2\/posts\/7969"}],"collection":[{"href":"https:\/\/dgospel.com.br\/portal\/index.php\/wp-json\/wp\/v2\/posts"}],"about":[{"href":"https:\/\/dgospel.com.br\/portal\/index.php\/wp-json\/wp\/v2\/types\/post"}],"author":[{"embeddable":true,"href":"https:\/\/dgospel.com.br\/portal\/index.php\/wp-json\/wp\/v2\/users\/2"}],"replies":[{"embeddable":true,"href":"https:\/\/dgospel.com.br\/portal\/index.php\/wp-json\/wp\/v2\/comments?post=7969"}],"version-history":[{"count":1,"href":"https:\/\/dgospel.com.br\/portal\/index.php\/wp-json\/wp\/v2\/posts\/7969\/revisions"}],"predecessor-version":[{"id":7971,"href":"https:\/\/dgospel.com.br\/portal\/index.php\/wp-json\/wp\/v2\/posts\/7969\/revisions\/7971"}],"wp:featuredmedia":[{"embeddable":true,"href":"https:\/\/dgospel.com.br\/portal\/index.php\/wp-json\/wp\/v2\/media\/7970"}],"wp:attachment":[{"href":"https:\/\/dgospel.com.br\/portal\/index.php\/wp-json\/wp\/v2\/media?parent=7969"}],"wp:term":[{"taxonomy":"category","embeddable":true,"href":"https:\/\/dgospel.com.br\/portal\/index.php\/wp-json\/wp\/v2\/categories?post=7969"},{"taxonomy":"post_tag","embeddable":true,"href":"https:\/\/dgospel.com.br\/portal\/index.php\/wp-json\/wp\/v2\/tags?post=7969"}],"curies":[{"name":"wp","href":"https:\/\/api.w.org\/{rel}","templated":true}]}}