{"id":7985,"date":"2021-03-25T22:07:14","date_gmt":"2021-03-26T01:07:14","guid":{"rendered":"http:\/\/dgospel.com.br\/portal\/?p=7985"},"modified":"2021-03-25T22:07:16","modified_gmt":"2021-03-26T01:07:16","slug":"lider-anuncia-compromisso-do-governo-em-destinar-recursos-para-ibge-saude-e-universidades","status":"publish","type":"post","link":"https:\/\/dgospel.com.br\/portal\/index.php\/2021\/03\/25\/lider-anuncia-compromisso-do-governo-em-destinar-recursos-para-ibge-saude-e-universidades\/","title":{"rendered":"L\u00edder anuncia compromisso do governo em destinar recursos para IBGE, sa\u00fade e universidades"},"content":{"rendered":"\n<p>Para viabilizar a vota\u00e7\u00e3o da proposta or\u00e7ament\u00e1ria de 2021, deputados de partidos da base do governo e da oposi\u00e7\u00e3o chegaram a um acordo que prev\u00ea o aumento de recursos para certas \u00e1reas ao longo do ano. No entanto, partidos como Psol e Novo se posicionaram contra o acordo.<\/p>\n\n\n\n<p>&#8220;Queremos fazer este compromisso p\u00fablico com os partidos da oposi\u00e7\u00e3o de recomposi\u00e7\u00e3o do Or\u00e7amento do IBGE para o censo. A corre\u00e7\u00e3o do censo \u00e9 fundamental para vida dos munic\u00edpios&#8221;, afirmou o l\u00edder do governo no Congresso, senador Eduardo Gomes (MDB-TO). Ele tamb\u00e9m prometeu recomposi\u00e7\u00e3o de or\u00e7amento das universidades federais e na \u00e1rea da Sa\u00fade.<\/p>\n\n\n\n<p>O l\u00edder da Minoria no Congresso, deputado <a href=\"https:\/\/www.camara.leg.br\/deputados\/73433\">Arlindo Chinaglia (PT-SP)<\/a>, sugeriu que as emendas apresentadas pelos parlamentares na Comiss\u00e3o Mista de Or\u00e7amento (CMO) sejam utilizadas como ponto de partida para a recomposi\u00e7\u00e3o de dota\u00e7\u00f5es das \u00e1reas de Sa\u00fade, Educa\u00e7\u00e3o, Assist\u00eancia Social e do IBGE.<\/p>\n\n\n\n<p>\u201cFaltar R$ 28 bilh\u00f5es para a Sa\u00fade quando a pandemia est\u00e1 muito mais grave que no ano passado n\u00e3o \u00e9 razo\u00e1vel\u201d, afirmou Chinaglia, pedindo reuni\u00f5es consecutivas para ajudar no alocamento de recursos necess\u00e1rios ao combate da pandemia.<\/p>\n\n\n\n<p>O deputado <a href=\"https:\/\/www.camara.leg.br\/deputados\/160508\">Afonso Florence (PT-BA)<\/a> destacou que as discuss\u00f5es devem come\u00e7ar nesta sexta-feira (26), em reuni\u00e3o agendada entre o presidente da C\u00e2mara dos Deputados, <a href=\"https:\/\/www.camara.leg.br\/deputados\/160541\">Arthur Lira (PP-AL)<\/a>, e gestores de institui\u00e7\u00f5es de ensino. \u201cA Presid\u00eancia do Senado e a lideran\u00e7a do governo no Congresso precisam acompanhar essa reuni\u00e3o\u201d, pediu, dizendo esperar que sejam propostas recomposi\u00e7\u00f5es do or\u00e7amento da Educa\u00e7\u00e3o.<\/p>\n\n\n\n<p><strong>Diverg\u00eancias<\/strong><br>\n        Contr\u00e1ria ao acordo, a l\u00edder do Psol, deputada <a href=\"https:\/\/www.camara.leg.br\/deputados\/204464\">Tal\u00edria Petrone (RJ)<\/a>, lamentou a aprova\u00e7\u00e3o de um or\u00e7amento \u201cmuito aqu\u00e9m do necess\u00e1rio\u201d. Ela criticou a retirada de dinheiro da Previd\u00eancia Social para o Minist\u00e9rio de Desenvolvimento Regional. \u201cE garantir apenas R$ 1,3 bilh\u00e3o para o programa de agricultura familiar, que p\u00f5e comida na mesa do povo? Que or\u00e7amento \u00e9 esse?\u201d, questionou.<\/p>\n\n\n\n<p>O partido Novo tamb\u00e9m foi contra a vota\u00e7\u00e3o do or\u00e7amento na vers\u00e3o aprovada. \u201c\u00c9 muito ruim aprovar um texto hoje e, com projetos, resolver algo na semana que vem. J\u00e1 s\u00e3o R$ 30 bilh\u00f5es retirados do seguro-desemprego e da Previd\u00eancia para colocar em obras n\u00e3o necess\u00e1rias neste momento de pandemia\u201d, lamentou o l\u00edder do Novo, deputado <a href=\"https:\/\/www.camara.leg.br\/deputados\/204532\">Vinicius Poit (Novo-SP)<\/a>.<\/p>\n\n\n\n<p>O deputado <a href=\"https:\/\/www.camara.leg.br\/deputados\/74537\">Claudio Cajado (PP-BA)<\/a> elogiou, no entanto, a previs\u00e3o de R$ 30 bilh\u00f5es do Or\u00e7amento para infraestrutura e aquisi\u00e7\u00e3o de m\u00e1quinas e equipamentos. &#8220;Os estados e munic\u00edpios precisam desses recursos, principalmente os novos prefeitos que assumiram o mandato neste ano&#8221;, apontou. &#8220;N\u00e3o podemos fazer despesa sem pensar em investimento.&#8221;<\/p>\n\n\n\n<p>Claudio Cajado tamb\u00e9m observou que o texto aprovado conseguiu garantir mais R$ 125 bilh\u00f5es para o Minist\u00e9rio da Sa\u00fade e mais R$ 100 bilh\u00f5es para o Minist\u00e9rio da Educa\u00e7\u00e3o.<\/p>\n\n\n\n<p>Fonte: Ag\u00eancia C\u00e2mara de Not\u00edcias<\/p>\n","protected":false},"excerpt":{"rendered":"<p>Para viabilizar a vota\u00e7\u00e3o da proposta or\u00e7ament\u00e1ria de 2021, deputados de partidos da base do governo e da oposi\u00e7\u00e3o chegaram a um acordo que prev\u00ea o aumento de recursos para certas \u00e1reas ao longo do ano. No entanto, partidos como Psol e Novo se posicionaram contra o acordo. &#8220;Queremos fazer este compromisso p\u00fablico com os [&hellip;]<\/p>\n","protected":false},"author":2,"featured_media":7986,"comment_status":"open","ping_status":"open","sticky":false,"template":"","format":"standard","meta":[],"categories":[8,4],"tags":[],"_links":{"self":[{"href":"https:\/\/dgospel.com.br\/portal\/index.php\/wp-json\/wp\/v2\/posts\/7985"}],"collection":[{"href":"https:\/\/dgospel.com.br\/portal\/index.php\/wp-json\/wp\/v2\/posts"}],"about":[{"href":"https:\/\/dgospel.com.br\/portal\/index.php\/wp-json\/wp\/v2\/types\/post"}],"author":[{"embeddable":true,"href":"https:\/\/dgospel.com.br\/portal\/index.php\/wp-json\/wp\/v2\/users\/2"}],"replies":[{"embeddable":true,"href":"https:\/\/dgospel.com.br\/portal\/index.php\/wp-json\/wp\/v2\/comments?post=7985"}],"version-history":[{"count":1,"href":"https:\/\/dgospel.com.br\/portal\/index.php\/wp-json\/wp\/v2\/posts\/7985\/revisions"}],"predecessor-version":[{"id":7987,"href":"https:\/\/dgospel.com.br\/portal\/index.php\/wp-json\/wp\/v2\/posts\/7985\/revisions\/7987"}],"wp:featuredmedia":[{"embeddable":true,"href":"https:\/\/dgospel.com.br\/portal\/index.php\/wp-json\/wp\/v2\/media\/7986"}],"wp:attachment":[{"href":"https:\/\/dgospel.com.br\/portal\/index.php\/wp-json\/wp\/v2\/media?parent=7985"}],"wp:term":[{"taxonomy":"category","embeddable":true,"href":"https:\/\/dgospel.com.br\/portal\/index.php\/wp-json\/wp\/v2\/categories?post=7985"},{"taxonomy":"post_tag","embeddable":true,"href":"https:\/\/dgospel.com.br\/portal\/index.php\/wp-json\/wp\/v2\/tags?post=7985"}],"curies":[{"name":"wp","href":"https:\/\/api.w.org\/{rel}","templated":true}]}}