{"id":7991,"date":"2021-03-25T22:15:41","date_gmt":"2021-03-26T01:15:41","guid":{"rendered":"http:\/\/dgospel.com.br\/portal\/?p=7991"},"modified":"2021-03-25T22:15:42","modified_gmt":"2021-03-26T01:15:42","slug":"governo-do-tocantins-amplia-a-oferta-de-leitos-e-reforca-que-acoes-de-controle-ainda-sao-necessarias","status":"publish","type":"post","link":"https:\/\/dgospel.com.br\/portal\/index.php\/2021\/03\/25\/governo-do-tocantins-amplia-a-oferta-de-leitos-e-reforca-que-acoes-de-controle-ainda-sao-necessarias\/","title":{"rendered":"Governo do Tocantins amplia a oferta de leitos e refor\u00e7a que a\u00e7\u00f5es de controle ainda s\u00e3o necess\u00e1rias"},"content":{"rendered":"\n<p>Com o aumento de casos e uma maior dissemina\u00e7\u00e3o viral ocorrida em todo territ\u00f3rio brasileiro, o Tocantins registrou, no m\u00eas de mar\u00e7o, mais um pico da pandemia, ultrapassando dados de agosto de 2020, quando foram registrados 1.310 casos no dia 10 de agosto&nbsp;e 19 \u00f3bitos no dia 20 de agosto. J\u00e1 em mar\u00e7o de 2021, j\u00e1 foram confirmados 1.372 casos em um \u00fanico dia (8 de mar\u00e7o) e 22 \u00f3bitos no dia 10. Trata-se de uma situa\u00e7\u00e3o que exige medidas firmes de adequa\u00e7\u00e3o de toda rede de assist\u00eancia, frente ao aumento de demanda, como tamb\u00e9m&nbsp;a abertura de novos leitos para atendimento dos novos casos, conforme determina\u00e7\u00e3o do governador Mauro Carlesse.<\/p>\n\n\n\n<p>Em resposta ao aumento de casos, a Secretaria de Estado da Sa\u00fade (SES) trabalha na abertura de mais 82 leitos de UTI Covid-19 e outros 52 leitos cl\u00ednicos, distribu\u00eddos de norte a sul do Tocantins. Na rede p\u00fablica, a previs\u00e3o \u00e9 que sejam abertos mais 16 leitos de UTI (dos quais, dez j\u00e1 est\u00e3o em funcionamento) no Hospital Regional de Gurupi (HRG), mais 16 no Hospital Geral de Palmas e mais 20 no Hospital Geral de Gurupi. J\u00e1 o Hospital Regional de Porto Nacional passar\u00e1 a contar com dez leitos de UTI. Outros 20 leitos, tamb\u00e9m de UTI, ser\u00e3o contratados na rede privada, sendo dez no Instituto Sinai, em Aragua\u00edna, e outros dez no munic\u00edpio de Para\u00edso do Tocantins. No total, o Estado do Tocantins passar\u00e1 a ofertar, pela rede p\u00fablica de sa\u00fade, o total de 228 leitos UTI Covid-19.<\/p>\n\n\n\n<p>J\u00e1 para a amplia\u00e7\u00e3o dos leitos cl\u00ednicos, o Governo do Tocantins trabalha na abertura de mais 14 leitos no Hospital Regional de Para\u00edso do Tocantins, mais nove no Hospital Regional de Porto Nacional, outros nove no Hospital Regional de Guara\u00ed, al\u00e9m de mais 20 no Hospital Regional de Aragua\u00edna. Estes novos 52 leitos, somados \u00e0 capacidade j\u00e1 instalada, eleva a disponibilidade para 306 leitos cl\u00ednicos. Em n\u00fameros totais, a Rede P\u00fablica de Sa\u00fade tocantinense passar\u00e1 a contar com 534 leitos, entre UTIs e Cl\u00ednicos.<\/p>\n\n\n\n<p>O governador do Tocantins, Mauro Carlesse, segue atento \u00e0 situa\u00e7\u00e3o e trabalhando com a gest\u00e3o em diversas frentes: sanit\u00e1rias, assistenciais, econ\u00f4micas e de preven\u00e7\u00e3o. O Governo do Tocantins j\u00e1 refor\u00e7ou o interesse em compor o cons\u00f3rcio que far\u00e1 a aquisi\u00e7\u00e3o de vacinas contra a Covid-19. A pretens\u00e3o \u00e9 que o Tocantins adquira 1 milh\u00e3o de doses do imunizante Sputinik V &#8211; que j\u00e1 est\u00e1 sendo aplicado em 51 pa\u00edses &#8211; para complementar as doses aplicadas pelo Plano Nacional de Imuniza\u00e7\u00e3o contra Covid-19 do Minist\u00e9rio da Sa\u00fade (MS).<\/p>\n\n\n\n<p>\u201cN\u00f3s j\u00e1 estamos trabalhando para adquirir 1 milh\u00e3o de doses de vacinas. Al\u00e9m disso, isentamos o ICMS [Imposto sobre Circula\u00e7\u00e3o de Mercadorias e Servi\u00e7os]&nbsp;para o oxig\u00eanio medicinal, at\u00e9 31 de julho de 2021, e tamb\u00e9m adotamos diversas medidas administrativas para conter este v\u00edrus. Faremos o que for necess\u00e1rio e legal, vamos juntos vencer esta crise\u201d, enfatizou o Governador.&nbsp;<\/p>\n\n\n\n<p>Para o secret\u00e1rio de Estado da Sa\u00fade, Edgar Tollini, n\u00e3o adianta bater recordes de abertura de leitos somente, \u00e9 preciso que cada cidad\u00e3o fa\u00e7a sua parte tamb\u00e9m. \u201cVamos nos manter em uma posi\u00e7\u00e3o de responsabilidade social, para que n\u00e3o aconte\u00e7a o que j\u00e1 vem acontecendo em 20 estados do pa\u00eds, cuja taxa de ocupa\u00e7\u00e3o de leitos cl\u00ednicos e de UTI j\u00e1 \u00e9 100%. E isso n\u00e3o se refere apenas \u00e0 \u00e1rea p\u00fablica, mas tamb\u00e9m \u00e0s unidades de sa\u00fade da rede privada. O Governo est\u00e1 tomando todas as medidas poss\u00edveis para conter a pandemia, mas tamb\u00e9m \u00e9 preciso compromisso da popula\u00e7\u00e3o. \u00c9 not\u00f3rio que est\u00e1 havendo o aumento do n\u00famero de pessoas internadas e de \u00f3bitos. \u00c9 necess\u00e1rio o comprometimento da popula\u00e7\u00e3o com as normas de seguran\u00e7a\u201d, afirmou.<\/p>\n\n\n\n<p><strong>Dados<\/strong><\/p>\n\n\n\n<p>O Tocantins j\u00e1 registra um total de 417.093 pessoas notificadas com a Covid-19 e acumula 136.020 casos confirmados da doen\u00e7a. Destes, 115.280 pacientes est\u00e3o recuperados e 18.855 est\u00e3o ainda ativos (em isolamento domiciliar ou hospitalar), al\u00e9m de 1.885 \u00f3bitos.<\/p>\n","protected":false},"excerpt":{"rendered":"<p>Com o aumento de casos e uma maior dissemina\u00e7\u00e3o viral ocorrida em todo territ\u00f3rio brasileiro, o Tocantins registrou, no m\u00eas de mar\u00e7o, mais um pico da pandemia, ultrapassando dados de agosto de 2020, quando foram registrados 1.310 casos no dia 10 de agosto&nbsp;e 19 \u00f3bitos no dia 20 de agosto. J\u00e1 em mar\u00e7o de 2021, [&hellip;]<\/p>\n","protected":false},"author":2,"featured_media":7992,"comment_status":"open","ping_status":"open","sticky":false,"template":"","format":"standard","meta":[],"categories":[4],"tags":[13],"_links":{"self":[{"href":"https:\/\/dgospel.com.br\/portal\/index.php\/wp-json\/wp\/v2\/posts\/7991"}],"collection":[{"href":"https:\/\/dgospel.com.br\/portal\/index.php\/wp-json\/wp\/v2\/posts"}],"about":[{"href":"https:\/\/dgospel.com.br\/portal\/index.php\/wp-json\/wp\/v2\/types\/post"}],"author":[{"embeddable":true,"href":"https:\/\/dgospel.com.br\/portal\/index.php\/wp-json\/wp\/v2\/users\/2"}],"replies":[{"embeddable":true,"href":"https:\/\/dgospel.com.br\/portal\/index.php\/wp-json\/wp\/v2\/comments?post=7991"}],"version-history":[{"count":1,"href":"https:\/\/dgospel.com.br\/portal\/index.php\/wp-json\/wp\/v2\/posts\/7991\/revisions"}],"predecessor-version":[{"id":7993,"href":"https:\/\/dgospel.com.br\/portal\/index.php\/wp-json\/wp\/v2\/posts\/7991\/revisions\/7993"}],"wp:featuredmedia":[{"embeddable":true,"href":"https:\/\/dgospel.com.br\/portal\/index.php\/wp-json\/wp\/v2\/media\/7992"}],"wp:attachment":[{"href":"https:\/\/dgospel.com.br\/portal\/index.php\/wp-json\/wp\/v2\/media?parent=7991"}],"wp:term":[{"taxonomy":"category","embeddable":true,"href":"https:\/\/dgospel.com.br\/portal\/index.php\/wp-json\/wp\/v2\/categories?post=7991"},{"taxonomy":"post_tag","embeddable":true,"href":"https:\/\/dgospel.com.br\/portal\/index.php\/wp-json\/wp\/v2\/tags?post=7991"}],"curies":[{"name":"wp","href":"https:\/\/api.w.org\/{rel}","templated":true}]}}