{"id":8,"date":"2018-05-09T13:47:13","date_gmt":"2018-05-09T16:47:13","guid":{"rendered":"http:\/\/dgospel.com.br\/portal\/?p=8"},"modified":"2018-05-09T13:47:13","modified_gmt":"2018-05-09T16:47:13","slug":"israel-declara-apoio-a-donald-trump-apos-decisao-contra-o-ira","status":"publish","type":"post","link":"https:\/\/dgospel.com.br\/portal\/index.php\/2018\/05\/09\/israel-declara-apoio-a-donald-trump-apos-decisao-contra-o-ira\/","title":{"rendered":"Israel declara apoio a Donald Trump ap\u00f3s decis\u00e3o contra o Ir\u00e3"},"content":{"rendered":"<p>O primeiro-ministro de Israel, Benjamin Netanyahu disse em uma declara\u00e7\u00e3o realizada na noite da \u00faltima ter\u00e7a-feira (8) que a a\u00e7\u00e3o dos Estados Unidos em deixar o acordo nuclear com o Ir\u00e3 foi \u201cousada\u201d.<\/p>\n<p>Donald Trump anunciou, tamb\u00e9m na ter\u00e7a-feira, a decis\u00e3o da Casa Branca de retirar os EUA do acordo firmado em 2015, com o presidente antecessor, Obama. Para Netanyahu, o fim das san\u00e7\u00f5es contra Teer\u00e3 produziu \u201cresultados desastrosos\u201d.<\/p>\n<p>Em sua declara\u00e7\u00e3o, Trump anunciou que as san\u00e7\u00f5es ser\u00e3o retomadas. Mais tarde, o primeiro-ministro de Israel identificou o governo do Ir\u00e3 como \u201cregime terrorista\u201d em seu comunicado oficial, divulgado pelo governo israelense.<\/p>\n<p>Sabe-se que o Ir\u00e3 representa perigo para Israel, sendo uma clara oposi\u00e7\u00e3o aos judeus. Ciente disso, Netanyahu \u00a0anunciou, na semana passada, ter reunido 110 mil documentos que comprovam o descumprimento dos termos do acordo pelo Ir\u00e3.<\/p>\n<p>\u201cIsrael ap\u00f3ia totalmente a ousada decis\u00e3o do presidente Trump de rejeitar o desastroso acordo nuclear com o regime terrorista em Teer\u00e3\u201d, afirmou Netanyahu.<\/p>\n<p>\u201cIsrael se op\u00f4s ao acordo nuclear desde o in\u00edcio porque dissemos que, em vez de bloquear o caminho do Ir\u00e3 para uma bomba, o acordo realmente abriu caminho para que o Ir\u00e3 adquira um arsenal inteiro de bombas nucleares dentro de alguns anos\u201d, colocou.<\/p>\n","protected":false},"excerpt":{"rendered":"<p>O primeiro-ministro de Israel, Benjamin Netanyahu disse em uma declara\u00e7\u00e3o realizada na noite da \u00faltima ter\u00e7a-feira (8) que a a\u00e7\u00e3o dos Estados Unidos em deixar o acordo nuclear com o Ir\u00e3 foi \u201cousada\u201d. Donald Trump anunciou, tamb\u00e9m na ter\u00e7a-feira, a decis\u00e3o da Casa Branca de retirar os EUA do acordo firmado em 2015, com o [&hellip;]<\/p>\n","protected":false},"author":2,"featured_media":9,"comment_status":"open","ping_status":"open","sticky":false,"template":"","format":"standard","meta":[],"categories":[2,5],"tags":[],"_links":{"self":[{"href":"https:\/\/dgospel.com.br\/portal\/index.php\/wp-json\/wp\/v2\/posts\/8"}],"collection":[{"href":"https:\/\/dgospel.com.br\/portal\/index.php\/wp-json\/wp\/v2\/posts"}],"about":[{"href":"https:\/\/dgospel.com.br\/portal\/index.php\/wp-json\/wp\/v2\/types\/post"}],"author":[{"embeddable":true,"href":"https:\/\/dgospel.com.br\/portal\/index.php\/wp-json\/wp\/v2\/users\/2"}],"replies":[{"embeddable":true,"href":"https:\/\/dgospel.com.br\/portal\/index.php\/wp-json\/wp\/v2\/comments?post=8"}],"version-history":[{"count":1,"href":"https:\/\/dgospel.com.br\/portal\/index.php\/wp-json\/wp\/v2\/posts\/8\/revisions"}],"predecessor-version":[{"id":10,"href":"https:\/\/dgospel.com.br\/portal\/index.php\/wp-json\/wp\/v2\/posts\/8\/revisions\/10"}],"wp:featuredmedia":[{"embeddable":true,"href":"https:\/\/dgospel.com.br\/portal\/index.php\/wp-json\/wp\/v2\/media\/9"}],"wp:attachment":[{"href":"https:\/\/dgospel.com.br\/portal\/index.php\/wp-json\/wp\/v2\/media?parent=8"}],"wp:term":[{"taxonomy":"category","embeddable":true,"href":"https:\/\/dgospel.com.br\/portal\/index.php\/wp-json\/wp\/v2\/categories?post=8"},{"taxonomy":"post_tag","embeddable":true,"href":"https:\/\/dgospel.com.br\/portal\/index.php\/wp-json\/wp\/v2\/tags?post=8"}],"curies":[{"name":"wp","href":"https:\/\/api.w.org\/{rel}","templated":true}]}}