{"id":800,"date":"2018-07-19T09:32:56","date_gmt":"2018-07-19T12:32:56","guid":{"rendered":"http:\/\/dgospel.com.br\/portal\/?p=800"},"modified":"2018-07-19T09:32:56","modified_gmt":"2018-07-19T12:32:56","slug":"servico-de-radioterapia-em-palmas-recebe-habilitacao-do-ministerio-da-saude-para-atender-pacientes-do-sus","status":"publish","type":"post","link":"https:\/\/dgospel.com.br\/portal\/index.php\/2018\/07\/19\/servico-de-radioterapia-em-palmas-recebe-habilitacao-do-ministerio-da-saude-para-atender-pacientes-do-sus\/","title":{"rendered":"Servi\u00e7o de radioterapia em Palmas recebe habilita\u00e7\u00e3o do Minist\u00e9rio da Sa\u00fade para atender pacientes do SUS"},"content":{"rendered":"<p>O Tocantins conta agora com uma cobertura mais segura e eficiente para os pacientes do Sistema \u00danico de Sa\u00fade (SUS) que fazem tratamento de oncologia. Isso porque a cl\u00ednica de Radioterapia Irradiar est\u00e1 habilitada pelo Minist\u00e9rio da Sa\u00fade e faz parte, oficialmente, da rede Nacional de Atendimento do SUS. O an\u00fancio foi feito pelo ministro da Sa\u00fade, Gilberto Occhi, durante visita em Palmas\u00a0no dia 13 deste m\u00eas. Na ocasi\u00e3o o ministro tamb\u00e9m visitou as instala\u00e7\u00f5es da Irradiar.<\/p>\n<p>Na pr\u00e1tica, esta homologa\u00e7\u00e3o significa mais seguran\u00e7a ao paciente j\u00e1 que a cl\u00ednica receber\u00e1 os repasses desses atendimentos direto do Minist\u00e9rio da Sa\u00fade. Importante destacar que desde 2016 a cl\u00ednica realizava atendimento aos pacientes do SUS por meio de uma parceria com o governo do Estado.<\/p>\n<p>Segundo m\u00e9dio r\u00e1dio-oncologista da Irradiar, Ismar de Rezende Junior, esta \u00e9 um grande conquista para todos do\u00a0Estado do Tocantins, pacientes e cl\u00ednica.<\/p>\n<p>O f\u00edsico-m\u00e9dico, Fabio Alves, explicou que esta aprova\u00e7\u00e3o do MS s\u00f3 refor\u00e7a a qualidade do atendimento e a excel\u00eancia dos equipamentos de oncologia da cl\u00ednica. \u201cEste \u00e9 um enorme passo para o avan\u00e7o da sa\u00fade p\u00fablica do Estado do Tocantins, oferecer \u00e0 toda a popula\u00e7\u00e3o tocantinense um servi\u00e7o de alta qualidade como o disponibilizado pela Radioterapia Irradiar \u00e9 a concretiza\u00e7\u00e3o de um sonho pessoal e profissional \u201d, afirmou.<\/p>\n<p>No dia 25 deste m\u00eas a Irradiar completa dois anos desde sua inaugura\u00e7\u00e3o, em 2016, e durante este per\u00edodo mais de 900 pacientes entre pessoas do SUS, rede privada e planos de sa\u00fade foram atendidos na cl\u00ednica.<\/p>\n<p>A cl\u00ednica possui dois bunkers para acelerador linear (salas especiais para o aparelho de radioterapia), estando um em opera\u00e7\u00e3o e o segundo com vistas a amplia\u00e7\u00e3o do servi\u00e7o. \u00a0Atualmente a Irradiar realiza o tratamento de 50 a 55 pacientes por dia, estando ainda com mais um turno a ser aberto conforme necessidade, podendo atingir uma capacidade de atendimento de at\u00e9 90 pacientes di\u00e1rios.<\/p>\n<p>Importante destacar que os pacientes da Irradiar contam com um acelerador que figura entre os mais modernos do Pa\u00eds, sendo capaz de realizar radioterapia conformacional 3D, de intensidade modulada (IMRT) e IGRT al\u00e9m da Radiocirurgia (t\u00e9cnicas que maximizam os resultados com menores impactos \u00e0 sa\u00fade do paciente).\u00a0O aparelho focaliza e emite a radia\u00e7\u00e3o de forma espec\u00edfica para n\u00e3o comprometer os demais \u00f3rg\u00e3os.<\/p>\n<p><strong>Homologa\u00e7\u00e3o<\/strong><\/p>\n<p>No dia 05 de junho deste ano, Ismar de Rezende Junior e Fabio Alves estiveram em Bras\u00edlia para solicitar esta habilita\u00e7\u00e3o junto ao ministro da Sa\u00fade. Na ocasi\u00e3o foi demonstrado o interesse da pasta em habilitar a Radioterapia Irradiar para a rede de atendimento do SUS.<\/p>\n<p><strong>Sobre<\/strong><\/p>\n<p><strong>Ismar de Rezende J\u00fanior<\/strong>\u00a0\u00e9<strong>\u00a0<\/strong>m\u00e9dico r\u00e1dio-oncologista, formado pela Universidade de Cuiab\u00e1, cursou Resid\u00eancia M\u00e9dica em Radioterapia no Hospital de C\u00e2ncer de Barretos; \u00e9 especialista e membro da Sociedade Brasileira de Radioterapia.<\/p>\n<p><strong>F\u00e1bio Alves dos Santos J\u00fanior<\/strong>\u00a0\u00e9 bacharel em f\u00edsica pela Universidade Federal de S\u00e3o Carlos e especialista em f\u00edsica m\u00e9dica pela Associa\u00e7\u00e3o Brasileira de F\u00edsica M\u00e9dica (ABFM); supervisor em Radioprote\u00e7\u00e3o pela Comiss\u00e3o Nacional de Energia Nuclear; e membro da ABFM convidado para realizar a tradu\u00e7\u00e3o do sistema de C\u00e1lculo VARIAN Eclipse em Palo Alto &#8211; Calif\u00f3rnia \u2013 EUA<\/p>\n","protected":false},"excerpt":{"rendered":"<p>O Tocantins conta agora com uma cobertura mais segura e eficiente para os pacientes do Sistema \u00danico de Sa\u00fade (SUS) que fazem tratamento de oncologia. Isso porque a cl\u00ednica de Radioterapia Irradiar est\u00e1 habilitada pelo Minist\u00e9rio da Sa\u00fade e faz parte, oficialmente, da rede Nacional de Atendimento do SUS. O an\u00fancio foi feito pelo ministro [&hellip;]<\/p>\n","protected":false},"author":2,"featured_media":801,"comment_status":"open","ping_status":"open","sticky":false,"template":"","format":"standard","meta":[],"categories":[2,3],"tags":[],"_links":{"self":[{"href":"https:\/\/dgospel.com.br\/portal\/index.php\/wp-json\/wp\/v2\/posts\/800"}],"collection":[{"href":"https:\/\/dgospel.com.br\/portal\/index.php\/wp-json\/wp\/v2\/posts"}],"about":[{"href":"https:\/\/dgospel.com.br\/portal\/index.php\/wp-json\/wp\/v2\/types\/post"}],"author":[{"embeddable":true,"href":"https:\/\/dgospel.com.br\/portal\/index.php\/wp-json\/wp\/v2\/users\/2"}],"replies":[{"embeddable":true,"href":"https:\/\/dgospel.com.br\/portal\/index.php\/wp-json\/wp\/v2\/comments?post=800"}],"version-history":[{"count":1,"href":"https:\/\/dgospel.com.br\/portal\/index.php\/wp-json\/wp\/v2\/posts\/800\/revisions"}],"predecessor-version":[{"id":802,"href":"https:\/\/dgospel.com.br\/portal\/index.php\/wp-json\/wp\/v2\/posts\/800\/revisions\/802"}],"wp:featuredmedia":[{"embeddable":true,"href":"https:\/\/dgospel.com.br\/portal\/index.php\/wp-json\/wp\/v2\/media\/801"}],"wp:attachment":[{"href":"https:\/\/dgospel.com.br\/portal\/index.php\/wp-json\/wp\/v2\/media?parent=800"}],"wp:term":[{"taxonomy":"category","embeddable":true,"href":"https:\/\/dgospel.com.br\/portal\/index.php\/wp-json\/wp\/v2\/categories?post=800"},{"taxonomy":"post_tag","embeddable":true,"href":"https:\/\/dgospel.com.br\/portal\/index.php\/wp-json\/wp\/v2\/tags?post=800"}],"curies":[{"name":"wp","href":"https:\/\/api.w.org\/{rel}","templated":true}]}}