{"id":8015,"date":"2021-03-29T23:18:30","date_gmt":"2021-03-30T02:18:30","guid":{"rendered":"http:\/\/dgospel.com.br\/portal\/?p=8015"},"modified":"2021-03-29T23:20:11","modified_gmt":"2021-03-30T02:20:11","slug":"deputado-eli-borges-lamenta-morte-pastor-joao-batista-oliveira","status":"publish","type":"post","link":"https:\/\/dgospel.com.br\/portal\/index.php\/2021\/03\/29\/deputado-eli-borges-lamenta-morte-pastor-joao-batista-oliveira\/","title":{"rendered":"Deputado Eli Borges lamenta morte pastor Jo\u00e3o Batista Oliveira"},"content":{"rendered":"\n<p>O deputado federal Eli Borges, manifestou pesar pelo\nfalecimento do pastor Jo\u00e3o Batista Oliveira, ocorrido nesta segunda-feira (29). Eli\nBorges disse que foi uma grande perda para a sociedade de Goiatins e\npara o Tocantins.<\/p>\n\n\n\n<p>O deputado disse que tinha pelo pastor Jo\u00e3o Batista uma\ngrande admira\u00e7\u00e3o, pois era um amigo, um l\u00edder, um grande homem de Deus.<\/p>\n\n\n\n<p>O&nbsp;pastor\nJo\u00e3o Batista Oliveira, faleceu na tarde desta segunda-feira (29) v\u00edtima da Covid-19,\nem Imperatriz -MA. Jo\u00e3o Batista era pastor presidente da\nAssembleia de Deus Ciadseta em Goiatins \u2013TO. Ele j\u00e1 havia contra\u00eddo o\nCoronavirus no in\u00edcio deste ano, na \u00e9poca sentiu apenas sintomas leves, recentemente\nteve uma reinfec\u00e7\u00e3o e foi se tratar em Balsas, mas teve um agravamento e foi\nlevado para Imperatriz \u2013MA, onde veio a \u00f3bito.<\/p>\n\n\n\n<p><strong>Nota de\npesar <\/strong>&nbsp;<\/p>\n\n\n\n<p><em>\u00c9 com grande pesar e recebo\na not\u00edcia do falecimento do Pastor Jo\u00e3o Batista de Oliveiro, uma grande perda\npara a sociedade de Goiatins e para o Tocantins. &nbsp;Que Deus conforte o cora\u00e7\u00e3o da fam\u00edlia e dos\nirm\u00e3os da Assembleia de Deus Ciadseta em Goiatins que perdeu um l\u00edder exemplar.<\/em><\/p>\n\n\n\n<p><em>Tinha por ele uma grande\nadmira\u00e7\u00e3o, pois era um amigo, um l\u00edder, um grande homem de Deus que sempre foi.\nEu e minha fam\u00edlia estamos em ora\u00e7\u00e3o para que Deus conforte o cora\u00e7\u00e3o dos\nfamiliares, amigos e dos fi\u00e9is da Igreja em Goiatins.<\/em><em><\/em><\/p>\n","protected":false},"excerpt":{"rendered":"<p>O deputado federal Eli Borges, manifestou pesar pelo falecimento do pastor Jo\u00e3o Batista Oliveira, ocorrido nesta segunda-feira (29). Eli Borges disse que foi uma grande perda para a sociedade de Goiatins e para o Tocantins. O deputado disse que tinha pelo pastor Jo\u00e3o Batista uma grande admira\u00e7\u00e3o, pois era um amigo, um l\u00edder, um grande [&hellip;]<\/p>\n","protected":false},"author":2,"featured_media":8018,"comment_status":"open","ping_status":"open","sticky":false,"template":"","format":"standard","meta":[],"categories":[5],"tags":[13],"_links":{"self":[{"href":"https:\/\/dgospel.com.br\/portal\/index.php\/wp-json\/wp\/v2\/posts\/8015"}],"collection":[{"href":"https:\/\/dgospel.com.br\/portal\/index.php\/wp-json\/wp\/v2\/posts"}],"about":[{"href":"https:\/\/dgospel.com.br\/portal\/index.php\/wp-json\/wp\/v2\/types\/post"}],"author":[{"embeddable":true,"href":"https:\/\/dgospel.com.br\/portal\/index.php\/wp-json\/wp\/v2\/users\/2"}],"replies":[{"embeddable":true,"href":"https:\/\/dgospel.com.br\/portal\/index.php\/wp-json\/wp\/v2\/comments?post=8015"}],"version-history":[{"count":1,"href":"https:\/\/dgospel.com.br\/portal\/index.php\/wp-json\/wp\/v2\/posts\/8015\/revisions"}],"predecessor-version":[{"id":8017,"href":"https:\/\/dgospel.com.br\/portal\/index.php\/wp-json\/wp\/v2\/posts\/8015\/revisions\/8017"}],"wp:featuredmedia":[{"embeddable":true,"href":"https:\/\/dgospel.com.br\/portal\/index.php\/wp-json\/wp\/v2\/media\/8018"}],"wp:attachment":[{"href":"https:\/\/dgospel.com.br\/portal\/index.php\/wp-json\/wp\/v2\/media?parent=8015"}],"wp:term":[{"taxonomy":"category","embeddable":true,"href":"https:\/\/dgospel.com.br\/portal\/index.php\/wp-json\/wp\/v2\/categories?post=8015"},{"taxonomy":"post_tag","embeddable":true,"href":"https:\/\/dgospel.com.br\/portal\/index.php\/wp-json\/wp\/v2\/tags?post=8015"}],"curies":[{"name":"wp","href":"https:\/\/api.w.org\/{rel}","templated":true}]}}