{"id":8019,"date":"2021-03-30T09:57:43","date_gmt":"2021-03-30T12:57:43","guid":{"rendered":"http:\/\/dgospel.com.br\/portal\/?p=8019"},"modified":"2021-03-30T10:04:24","modified_gmt":"2021-03-30T13:04:24","slug":"bolsonaro-troca-6-ministros-de-governo-veja-os-novos-nomes","status":"publish","type":"post","link":"https:\/\/dgospel.com.br\/portal\/index.php\/2021\/03\/30\/bolsonaro-troca-6-ministros-de-governo-veja-os-novos-nomes\/","title":{"rendered":"Bolsonaro troca 6 ministros de governo. Veja os novos nomes"},"content":{"rendered":"\n<p>O presidente Jair Bolsonaro promoveu, nesta segunda-feira (29), uma reforma ministerial em seu governo. Seis titulares deixaram os cargos e foram substitu\u00eddos por outros nomes, revelados por Bolsonaro em suas redes sociais.<\/p>\n\n\n\n<p>Para o Minist\u00e9rio da Defesa, Bolsonaro escolheu o general Walter Souza Braga Netto. Antes ele ocupava a Casa Civil.<\/p>\n\n\n\n<p>No Minist\u00e9rio de Rela\u00e7\u00f5es Exteriores assume o embaixador Carlos Alberto Franco Fran\u00e7a. Sua carreira \u00e9 ligada ao cerimonial do Itamaraty.<\/p>\n\n\n\n<p>Na Secretaria de Governo, a respons\u00e1vel ser\u00e1 a deputada federal Fl\u00e1via Arruda. Ela ocupa a presid\u00eancia da Comiss\u00e3o Mista de Or\u00e7amento do Congresso Nacional (CMO) e \u00e9 aliada do presidente da C\u00e2mara, Arthur Lira (PP-AL).<\/p>\n\n\n\n<p>Na Advocacia-Geral da Uni\u00e3o voltou Andr\u00e9 Mendon\u00e7a. Antes ele estava no Minist\u00e9rio da Justi\u00e7a e \u00e9 um dos nomes cotados para uma pr\u00f3xima vaga no Supremo Tribunal Federal (STF).<\/p>\n\n\n\n<p>Para a Casa Civil, Bolsonaro escolheu o general Luiz Eduardo Ramos. Antes ele era o titular da Secretaria de Governo<\/p>\n\n\n\n<p>E para o Minist\u00e9rio da Justi\u00e7a e Seguran\u00e7a P\u00fablica, o escolhido foi o delegado Anderson Gustavo Torres. Ele atualmente ocupa o posto de secret\u00e1rio da Seguran\u00e7a P\u00fablica do Distrito Federal (DF).<\/p>\n\n\n\n<figure class=\"wp-block-image\"><img src=\"https:\/\/static.cdn.pleno.news\/2021\/03\/Mito-2.png\" alt=\"\" class=\"wp-image-687405\"\/><\/figure>\n\n\n\n<p>\u00a0 <\/p>\n","protected":false},"excerpt":{"rendered":"<p>O presidente Jair Bolsonaro promoveu, nesta segunda-feira (29), uma reforma ministerial em seu governo. Seis titulares deixaram os cargos e foram substitu\u00eddos por outros nomes, revelados por Bolsonaro em suas redes sociais. Para o Minist\u00e9rio da Defesa, Bolsonaro escolheu o general Walter Souza Braga Netto. Antes ele ocupava a Casa Civil. No Minist\u00e9rio de Rela\u00e7\u00f5es [&hellip;]<\/p>\n","protected":false},"author":2,"featured_media":8020,"comment_status":"open","ping_status":"open","sticky":false,"template":"","format":"standard","meta":[],"categories":[4],"tags":[14],"_links":{"self":[{"href":"https:\/\/dgospel.com.br\/portal\/index.php\/wp-json\/wp\/v2\/posts\/8019"}],"collection":[{"href":"https:\/\/dgospel.com.br\/portal\/index.php\/wp-json\/wp\/v2\/posts"}],"about":[{"href":"https:\/\/dgospel.com.br\/portal\/index.php\/wp-json\/wp\/v2\/types\/post"}],"author":[{"embeddable":true,"href":"https:\/\/dgospel.com.br\/portal\/index.php\/wp-json\/wp\/v2\/users\/2"}],"replies":[{"embeddable":true,"href":"https:\/\/dgospel.com.br\/portal\/index.php\/wp-json\/wp\/v2\/comments?post=8019"}],"version-history":[{"count":1,"href":"https:\/\/dgospel.com.br\/portal\/index.php\/wp-json\/wp\/v2\/posts\/8019\/revisions"}],"predecessor-version":[{"id":8021,"href":"https:\/\/dgospel.com.br\/portal\/index.php\/wp-json\/wp\/v2\/posts\/8019\/revisions\/8021"}],"wp:featuredmedia":[{"embeddable":true,"href":"https:\/\/dgospel.com.br\/portal\/index.php\/wp-json\/wp\/v2\/media\/8020"}],"wp:attachment":[{"href":"https:\/\/dgospel.com.br\/portal\/index.php\/wp-json\/wp\/v2\/media?parent=8019"}],"wp:term":[{"taxonomy":"category","embeddable":true,"href":"https:\/\/dgospel.com.br\/portal\/index.php\/wp-json\/wp\/v2\/categories?post=8019"},{"taxonomy":"post_tag","embeddable":true,"href":"https:\/\/dgospel.com.br\/portal\/index.php\/wp-json\/wp\/v2\/tags?post=8019"}],"curies":[{"name":"wp","href":"https:\/\/api.w.org\/{rel}","templated":true}]}}