{"id":8045,"date":"2021-04-01T17:34:14","date_gmt":"2021-04-01T20:34:14","guid":{"rendered":"http:\/\/dgospel.com.br\/portal\/?p=8045"},"modified":"2021-04-01T17:34:17","modified_gmt":"2021-04-01T20:34:17","slug":"prefeitura-prorroga-decreto-para-o-fim-de-semana-da-pascoa-e-anuncia-novas-medidas-a-partir-de-segunda-5","status":"publish","type":"post","link":"https:\/\/dgospel.com.br\/portal\/index.php\/2021\/04\/01\/prefeitura-prorroga-decreto-para-o-fim-de-semana-da-pascoa-e-anuncia-novas-medidas-a-partir-de-segunda-5\/","title":{"rendered":"Prefeitura prorroga decreto para o fim de semana da P\u00e1scoa e anuncia novas medidas a partir de segunda (5)"},"content":{"rendered":"\n<p>A Prefeitura de Palmas anunciou nesta quinta-feira (1\u00ba) que vai adotar novas medidas de restri\u00e7\u00e3o a partir da pr\u00f3xima segunda-feira (5). Foi informado que<a href=\"https:\/\/g1.globo.com\/to\/tocantins\/noticia\/2021\/03\/23\/prefeitura-faz-mudancas-no-texto-e-prorroga-decreto-que-restringe-atividades-nao-essenciais-pela-2a-vez.ghtml\">&nbsp;o atual decreto em vigor<\/a>&nbsp;vai ser prorrogado para o fim de semana da P\u00e1scoa e que o novo texto s\u00f3 entrar\u00e1 em vigor na pr\u00f3xima semana.<\/p>\n\n\n\n<p>A prefeita de Palmas, Cinthia Ribeiro, adiantou que o novo texto deve contemplar a reabertura de cerca de 30% do com\u00e9rcio com atendimento presencial e com hor\u00e1rios escalonados. As escolas e cursinhos, p\u00fablicas e privadas, v\u00e3o continuar fechadas.<\/p>\n\n\n\n<p>A volta escalonada de segmentos foi pensada para ter redu\u00e7\u00e3o do fluxo no transporte p\u00fablico, que foi indicado como uma das principais preocupa\u00e7\u00f5es. Tamb\u00e9m foi informado que as ind\u00fastrias poder\u00e3o fazer contratos espec\u00edficos com o transporte p\u00fablico para levar os funcion\u00e1rios de casa para o trabalho, diminuindo o fluxo no sistema geral. Ainda n\u00e3o foram detalhadas as condi\u00e7\u00f5es destes contratos.<\/p>\n\n\n\n<p>As academias tamb\u00e9m poder\u00e3o reabrir para atendimento presencias a partir da segunda, com hor\u00e1rio escalonado e capacidade m\u00e1xima de ocupa\u00e7\u00e3o de 30%.<\/p>\n\n\n\n<p>Cinthia Ribeiro informou ainda que vai propor um termo de responsabilidade para as empresas para possibilitar uma fiscaliza\u00e7\u00e3o mais efetiva. Com esta medida, as irregularidades eventualmente flagradas poder\u00e3o resultar em suspens\u00e3o ou cassa\u00e7\u00e3o do alvar\u00e1, sem notifica\u00e7\u00e3o pr\u00e9via.<\/p>\n\n\n\n<p>Tamb\u00e9m est\u00e3o em estudo, ainda sem data para terminarem, medidas para auxiliar os microempreendedores individuais, que foram apontados como um dos p\u00fablicos mais afetados pela pandemia. A prefeitura ainda n\u00e3o detalhou quais medidas seriam estas.<\/p>\n\n\n\n<p>As novas restri\u00e7\u00f5es foram anunciadas em uma reuni\u00e3o virtual com a imprensa realizada pela gest\u00e3o. Na reuni\u00e3o, foi apresentado ainda o resultado das medidas restritivas que est\u00e3o em vigor desde o dia 6 de mar\u00e7o.<\/p>\n\n\n\n<h2>Avalia\u00e7\u00e3o do cen\u00e1rio<\/h2>\n\n\n\n<p>Segundo a prefeitura, houve queda nos registros de novos casos enquanto as restri\u00e7\u00f5es estiveram em vigor. A taxa de transmiss\u00e3o voltou a ficar abaixo de 1, em exatos 0,98. Isso significa que cada 100 pessoas doentes est\u00e3o transmitindo a Covid-19, em m\u00e9dia, para outras 98. Por isso foi identificada uma tend\u00eancia de redu\u00e7\u00e3o na quantidade de novos casos.<\/p>\n\n\n\n<p>Durante a reuni\u00e3o, a prefeita classificou os n\u00fameros como &#8220;resultados satisfat\u00f3rios, mas n\u00e3o resultados que nos fa\u00e7am pensar com tranquilidade diante do cen\u00e1rio que a gente trabalha&#8221;.<\/p>\n\n\n\n<p>O presidente do Comit\u00ea de Crise, Daniel Borini, destacou que houve mudan\u00e7as com rela\u00e7\u00e3o a primeira onda da Covid. &#8220;A doen\u00e7a est\u00e1 muito mais grave e o n\u00famero de pacientes que precisam de interna\u00e7\u00e3o \u00e9 muito maior&#8221;, disse ele. Segundo Borini, pessoas que n\u00e3o estavam no grupo de risco anteriormente tamb\u00e9m est\u00e3o desenvolvendo formas graves do v\u00edrus.<\/p>\n\n\n\n<h2>Ferramentas apresentadas<\/h2>\n\n\n\n<p>A equipe da Secretaria Municipal de Sa\u00fade apresentou um novo site,&nbsp;<a href=\"https:\/\/vacinaja.palmas.to.gov.br\/\" target=\"_blank\" rel=\"noreferrer noopener\">Vacina J\u00e1<\/a>, que vai informar sobre o andamento da campanha de vacina\u00e7\u00e3o na cidade.<\/p>\n\n\n\n<p>O&nbsp;<a href=\"https:\/\/coronavirus.palmas.to.gov.br\/coronometro\" target=\"_blank\" rel=\"noreferrer noopener\">Coron\u00f4metro&nbsp;<\/a>tamb\u00e9m foi apresentado. Se trata de uma ferramenta que acompanha a situa\u00e7\u00e3o epidemiol\u00f3gica na cidade atrav\u00e9s de uma classifica\u00e7\u00e3o em cinco cores (do cen\u00e1rio mais positivo para o mais negativo: verde, azul, amarelo, laranja e vermelho).<\/p>\n\n\n\n<p>O painel atual indica que a cidade est\u00e1 entre a fase vermelha e a fase laranja, que indica tend\u00eancia negativa. Este \u00e9 um dos indicadores levados em considera\u00e7\u00e3o para a tomada de decis\u00f5es.<\/p>\n\n\n\n<h2>O decreto em vigor<\/h2>\n\n\n\n<p>O atual texto do decreto, v\u00e1lido agora at\u00e9 o domingo (4), determina a suspens\u00e3o das atividades n\u00e3o essenciais em Palmas. A prefeitura fez algumas altera\u00e7\u00f5es para flexibilizar formas de atendimento no dia 23 de mar\u00e7o. Obras civis puderam ser retomadas. O supermercados passaram a poder funcionar durante toda a semana e bares e restaurantes tamb\u00e9m foram autorizados a realizar entregas de comida aos domingos, o que era vedado no texto anterior.<\/p>\n\n\n\n<p>Missas e cultos podem acontecer somente de forma virtual, com atendimentos individualizados sendo autorizados, desde que com agendamento.<\/p>\n\n\n\n<p>Continuam suspensas as atividades presenciais em escolas, ber\u00e7\u00e1rios, cursinhos, p\u00fablicos ou particulares, e em institui\u00e7\u00f5es de ensino superior.<\/p>\n\n\n\n<p>Fonte: <strong>G1 Tocantins<\/strong><\/p>\n","protected":false},"excerpt":{"rendered":"<p>A Prefeitura de Palmas anunciou nesta quinta-feira (1\u00ba) que vai adotar novas medidas de restri\u00e7\u00e3o a partir da pr\u00f3xima segunda-feira (5). Foi informado que&nbsp;o atual decreto em vigor&nbsp;vai ser prorrogado para o fim de semana da P\u00e1scoa e que o novo texto s\u00f3 entrar\u00e1 em vigor na pr\u00f3xima semana. A prefeita de Palmas, Cinthia Ribeiro, [&hellip;]<\/p>\n","protected":false},"author":2,"featured_media":8046,"comment_status":"open","ping_status":"open","sticky":false,"template":"","format":"standard","meta":[],"categories":[4],"tags":[13],"_links":{"self":[{"href":"https:\/\/dgospel.com.br\/portal\/index.php\/wp-json\/wp\/v2\/posts\/8045"}],"collection":[{"href":"https:\/\/dgospel.com.br\/portal\/index.php\/wp-json\/wp\/v2\/posts"}],"about":[{"href":"https:\/\/dgospel.com.br\/portal\/index.php\/wp-json\/wp\/v2\/types\/post"}],"author":[{"embeddable":true,"href":"https:\/\/dgospel.com.br\/portal\/index.php\/wp-json\/wp\/v2\/users\/2"}],"replies":[{"embeddable":true,"href":"https:\/\/dgospel.com.br\/portal\/index.php\/wp-json\/wp\/v2\/comments?post=8045"}],"version-history":[{"count":1,"href":"https:\/\/dgospel.com.br\/portal\/index.php\/wp-json\/wp\/v2\/posts\/8045\/revisions"}],"predecessor-version":[{"id":8047,"href":"https:\/\/dgospel.com.br\/portal\/index.php\/wp-json\/wp\/v2\/posts\/8045\/revisions\/8047"}],"wp:featuredmedia":[{"embeddable":true,"href":"https:\/\/dgospel.com.br\/portal\/index.php\/wp-json\/wp\/v2\/media\/8046"}],"wp:attachment":[{"href":"https:\/\/dgospel.com.br\/portal\/index.php\/wp-json\/wp\/v2\/media?parent=8045"}],"wp:term":[{"taxonomy":"category","embeddable":true,"href":"https:\/\/dgospel.com.br\/portal\/index.php\/wp-json\/wp\/v2\/categories?post=8045"},{"taxonomy":"post_tag","embeddable":true,"href":"https:\/\/dgospel.com.br\/portal\/index.php\/wp-json\/wp\/v2\/tags?post=8045"}],"curies":[{"name":"wp","href":"https:\/\/api.w.org\/{rel}","templated":true}]}}