{"id":8048,"date":"2021-04-01T23:46:26","date_gmt":"2021-04-02T02:46:26","guid":{"rendered":"http:\/\/dgospel.com.br\/portal\/?p=8048"},"modified":"2021-04-01T23:46:28","modified_gmt":"2021-04-02T02:46:28","slug":"saiba-quem-sao-os-3-evangelicos-que-disputam-uma-vaga-no-stf","status":"publish","type":"post","link":"https:\/\/dgospel.com.br\/portal\/index.php\/2021\/04\/01\/saiba-quem-sao-os-3-evangelicos-que-disputam-uma-vaga-no-stf\/","title":{"rendered":"Saiba quem s\u00e3o os 3 evang\u00e9licos que disputam uma vaga no STF"},"content":{"rendered":"\n<p> A sa\u00edda do ministro Marco Aur\u00e9lio Mello do Supremo Tribunal Federal (<a rel=\"noreferrer noopener\" href=\"https:\/\/pleno.news\/tag\/stf\" target=\"_blank\">STF<\/a>), em julho deste ano, deve movimentar a corrida pelo substituto. A escolha, segunda a ser feita pelo presidente\u00a0<a rel=\"noreferrer noopener\" href=\"https:\/\/pleno.news\/tag\/jair-bolsonaro\" target=\"_blank\">Jair Bolsonaro<\/a>, deve ser por um ministro \u201cterrivelmente evang\u00e9lico\u201d, como j\u00e1 foi prometido pelo chefe do Executivo e refor\u00e7ado depois da op\u00e7\u00e3o por Kassio Nunes Marques como o primeiro nome. <\/p>\n\n\n\n<p> Os tr\u00eas principais candidatos ao posto, que estar\u00e1 dispon\u00edvel no segundo semestre deste ano, possuem forte liga\u00e7\u00e3o com a Igreja Evang\u00e9lica no Brasil e costumam manifestar publicamente sua f\u00e9. S\u00e3o eles: o advogado-geral da Uni\u00e3o, Andr\u00e9 Mendon\u00e7a; o presidente do Superior Tribunal de Justi\u00e7a (STJ), ministro Humberto Martins; e o juiz federal da 4\u00aa Vara Federal de Niter\u00f3i, William Douglas. <\/p>\n\n\n\n<p>Donos de fortes curr\u00edculos e com carreiras consolidadas no mundo jur\u00eddico, os tr\u00eas surgem como os nomes mais citados para ocupar um dos 11 lugares na Suprema Corte. Confira um breve resumo sobre cada um deles.<\/p>\n\n\n\n<p><strong>ANDR\u00c9 LUIZ MENDON\u00c7A<\/strong><\/p>\n\n\n\n<figure class=\"wp-block-image\"><img src=\"https:\/\/static.cdn.pleno.news\/2020\/05\/27fev2019-o-advogado-geral-da-uniao-andre-luiz-de-almeida-mendonca-1555948781416_v2_1920x1279-e1590612841626-1024x627.jpg\" alt=\"\" class=\"wp-image-523508\"\/><figcaption>Andr\u00e9 Mendon\u00e7a, da Advocacia-Geral da Uni\u00e3o&nbsp;Foto: PR\/Isac N\u00f3brega<\/figcaption><\/figure>\n\n\n\n<p>Formado em direito em 1993 pela Faculdade de Direito de Bauru, Andr\u00e9 Mendon\u00e7a fez mestrado na Universidade de Salamanca, na Espanha, sobre Corrup\u00e7\u00e3o e Estado de Direito e \u00e9 doutor pela mesma institui\u00e7\u00e3o, com o projeto Estado de Direito e Governan\u00e7a Global. Ele tamb\u00e9m \u00e9 p\u00f3s-graduado em Direito P\u00fablico pela Universidade de Bras\u00edlia.<\/p>\n\n\n\n<p>Pastor da Igreja Presbiteriana do Brasil, Mendon\u00e7a \u00e9 cotado como um ministro \u201cterrivelmente evang\u00e9lico\u201d que poder\u00e1 ser indicado para a vaga que ser\u00e1 aberta ap\u00f3s a aposentadoria de Marco Aur\u00e9lio Mello no STF (Supremo Tribunal Federal), em julho.<\/p>\n\n\n\n<p>Presente em algumas das entrevistas coletivas no Planalto, para abordar sobre a pandemia do novo coronav\u00edrus, Mendon\u00e7a reiterou sempre uma posi\u00e7\u00e3o alinhada \u00e0 do presidente Jair Bolsonaro e defendeu que o combate \u00e0 doen\u00e7a nos estados e munic\u00edpios deve acontecer \u201csem abuso ou punitivismo\u201d.<\/p>\n\n\n\n<p>Mendon\u00e7a, que tamb\u00e9m j\u00e1 foi ministro da Justi\u00e7a, ganhou destaque na AGU ao ser vencedor da categoria especial do Pr\u00eamio Innovare\/2011 pelas pr\u00e1ticas de combate \u00e0 corrup\u00e7\u00e3o adotadas pela institui\u00e7\u00e3o. A condecora\u00e7\u00e3o homenageia pr\u00e1ticas eficientes no Poder Judici\u00e1rio, no Minist\u00e9rio P\u00fablico, na Defensoria P\u00fablica e na advocacia.<\/p>\n\n\n\n<p><strong>WILLIAM DOUGLAS<\/strong><\/p>\n\n\n\n<figure class=\"wp-block-image\"><img src=\"https:\/\/static.cdn.pleno.news\/2017\/09\/229c87c6-352b-4a2a-83b4-c8b32e7bb0a4-1024x682.jpg\" alt=\"\" class=\"wp-image-27209\"\/><figcaption>Juiz federal William Douglas \u00e9 crist\u00e3o e um dos cotados para o STF&nbsp;Foto: Divulga\u00e7\u00e3o<\/figcaption><\/figure>\n\n\n\n<p>William Douglas Resinente dos Santos \u00e9 desembargador federal do TRF2. \u00c9 professor universit\u00e1rio e acad\u00eamico em Direito. Al\u00e9m de ser bacharel, ele tamb\u00e9m possui p\u00f3s-gradua\u00e7\u00e3o em Pol\u00edticas P\u00fablicas e Governo e mestrado em Estado e Cidadania. J\u00e1 exerceu as atividades de advogado, delegado de pol\u00edcia e defensor p\u00fablico.<\/p>\n\n\n\n<p>O magistrado tamb\u00e9m \u00e9 escritor e j\u00e1 escreveu mais de 50 livros, com mais de 1,2 milh\u00e3o de c\u00f3pias vendidas, entre os quais est\u00e3o os&nbsp;<em>best sellers<\/em>&nbsp;As 25 Leis B\u00edblicas do Sucesso, Como Passar em Provas e Concursos e Os 10 Mandamentos para Uma Vida Melhor.<\/p>\n\n\n\n<p>Douglas j\u00e1 recebeu diversos pr\u00eamios por suas contribui\u00e7\u00f5es \u00e0 sociedade: quatro medalhas militares, tr\u00eas pr\u00eamios pelo trabalho de inclus\u00e3o social e racial e v\u00e1rias medalhas civis. \u00c9 um dos autores da proposta de cria\u00e7\u00e3o dos Juizados Especiais Federais, de 1994.<\/p>\n\n\n\n<p>Entre seus trabalhos com preocupa\u00e7\u00e3o social mais emblem\u00e1ticos est\u00e3o a Miss\u00e3o Vida, que recupera pessoas em situa\u00e7\u00e3o de rua; a Educafro, pela inclus\u00e3o racial e social; o Coletivo Justi\u00e7a Negra Luiz Gama e o Projeto Cristol\u00e2ndia, da CBB, do qual foi coordenador de empreendedorismo.<\/p>\n\n\n\n<p><strong>HUMBERTO MARTINS<\/strong><\/p>\n\n\n\n<figure class=\"wp-block-image\"><img src=\"https:\/\/static.cdn.pleno.news\/2019\/06\/HUMBERTO-MARTINS-1024x683.jpg\" alt=\"\" class=\"wp-image-328069\"\/><figcaption>Presidente do STJ, Humberto Martins&nbsp;Foto: Ag\u00eancia Brasil\/Tomaz Silva<\/figcaption><\/figure>\n\n\n\n<p>Humberto Martins \u00e9 presidente do Superior Tribunal de Justi\u00e7a (STJ) e corregedor nacional de Justi\u00e7a. Membro da Igreja Adventista do S\u00e9timo Dia, o ministro \u00e9 natural de Macei\u00f3 e concluiu o curso de Direito em 1979 pela Universidade Federal de Alagoas. Martins come\u00e7ou a sua atua\u00e7\u00e3o profissional como promotor de Justi\u00e7a, cargo que exerceu de 1979 a 1982.\u200b\u200b\u200b\u200b\u200b<\/p>\n\n\n\n<p>Martins tamb\u00e9m foi procurador do Estado de Alagoas (de 1982 a 2002) e, por duas d\u00e9cadas, exerceu a advocacia privada, ocupando diversas fun\u00e7\u00f5es relevantes, como a presid\u00eancia da Ordem dos Advogados do Brasil de Alagoas, por dois mandatos.<\/p>\n\n\n\n<p>Durante o segundo per\u00edodo \u00e0 frente da OAB, foi indicado a uma vaga no Tribunal de Justi\u00e7a de Alagoas (TJAL) pelo quinto constitucional, na condi\u00e7\u00e3o de advogado. Como desembargador, teve assento em \u00f3rg\u00e3os julgadores c\u00edveis e criminais, foi vice-presidente do Tribunal Regional Eleitoral de Alagoas, corregedor regional eleitoral e diretor da Escola Judici\u00e1ria Eleitoral.<\/p>\n\n\n\n<p>De 1992 a 2006, lecionou na Universidade Federal de Alagoas. Em 2006, Martins foi nomeado ministro do STJ e, desde ent\u00e3o, atuou na Segunda Turma e na Primeira Se\u00e7\u00e3o \u2013 colegiados especializados em direito p\u00fablico. Martins tomou posse do comando do STJ no dia 27 de agosto de 2020 e tornou-se o 19\u00b0 presidente da Corte.<\/p>\n","protected":false},"excerpt":{"rendered":"<p>A sa\u00edda do ministro Marco Aur\u00e9lio Mello do Supremo Tribunal Federal (STF), em julho deste ano, deve movimentar a corrida pelo substituto. A escolha, segunda a ser feita pelo presidente\u00a0Jair Bolsonaro, deve ser por um ministro \u201cterrivelmente evang\u00e9lico\u201d, como j\u00e1 foi prometido pelo chefe do Executivo e refor\u00e7ado depois da op\u00e7\u00e3o por Kassio Nunes Marques [&hellip;]<\/p>\n","protected":false},"author":2,"featured_media":8049,"comment_status":"open","ping_status":"open","sticky":false,"template":"","format":"standard","meta":[],"categories":[4],"tags":[],"_links":{"self":[{"href":"https:\/\/dgospel.com.br\/portal\/index.php\/wp-json\/wp\/v2\/posts\/8048"}],"collection":[{"href":"https:\/\/dgospel.com.br\/portal\/index.php\/wp-json\/wp\/v2\/posts"}],"about":[{"href":"https:\/\/dgospel.com.br\/portal\/index.php\/wp-json\/wp\/v2\/types\/post"}],"author":[{"embeddable":true,"href":"https:\/\/dgospel.com.br\/portal\/index.php\/wp-json\/wp\/v2\/users\/2"}],"replies":[{"embeddable":true,"href":"https:\/\/dgospel.com.br\/portal\/index.php\/wp-json\/wp\/v2\/comments?post=8048"}],"version-history":[{"count":1,"href":"https:\/\/dgospel.com.br\/portal\/index.php\/wp-json\/wp\/v2\/posts\/8048\/revisions"}],"predecessor-version":[{"id":8050,"href":"https:\/\/dgospel.com.br\/portal\/index.php\/wp-json\/wp\/v2\/posts\/8048\/revisions\/8050"}],"wp:featuredmedia":[{"embeddable":true,"href":"https:\/\/dgospel.com.br\/portal\/index.php\/wp-json\/wp\/v2\/media\/8049"}],"wp:attachment":[{"href":"https:\/\/dgospel.com.br\/portal\/index.php\/wp-json\/wp\/v2\/media?parent=8048"}],"wp:term":[{"taxonomy":"category","embeddable":true,"href":"https:\/\/dgospel.com.br\/portal\/index.php\/wp-json\/wp\/v2\/categories?post=8048"},{"taxonomy":"post_tag","embeddable":true,"href":"https:\/\/dgospel.com.br\/portal\/index.php\/wp-json\/wp\/v2\/tags?post=8048"}],"curies":[{"name":"wp","href":"https:\/\/api.w.org\/{rel}","templated":true}]}}