{"id":8054,"date":"2021-04-02T17:09:39","date_gmt":"2021-04-02T20:09:39","guid":{"rendered":"http:\/\/dgospel.com.br\/portal\/?p=8054"},"modified":"2021-04-02T17:09:41","modified_gmt":"2021-04-02T20:09:41","slug":"tocantins-recebe-mais-52-500-doses-de-vacinas-contra-a-covid-19","status":"publish","type":"post","link":"https:\/\/dgospel.com.br\/portal\/index.php\/2021\/04\/02\/tocantins-recebe-mais-52-500-doses-de-vacinas-contra-a-covid-19\/","title":{"rendered":"Tocantins recebe mais 52.500 doses de vacinas contra a Covid-19"},"content":{"rendered":"\n<p>Na madrugada desta sexta-feira, 2, o Tocantins recebeu mais uma remessa de imunizantes contra a Covid-19. Das 52.500 doses, 4.500 s\u00e3o AstraZenca e &nbsp;48.000 CoronaVac , que compreendem a 11\u00aa pauta de distribui\u00e7\u00e3o do Plano Nacional de Imuniza\u00e7\u00e3o, ser\u00e3o destinadas para trabalhadores da sa\u00fade, pessoas de 65 a 79 anos e trabalhadores das for\u00e7as de seguran\u00e7a.<\/p>\n\n\n\n<p>Por determina\u00e7\u00e3o do Minist\u00e9rio da Sa\u00fade, as vacinas ser\u00e3o aplicadas da seguinte forma: as 4.500 doses de AstraZeneca atender\u00e3o as segundas doses de 10% dos trabalhadores da sa\u00fade. J\u00e1 as 48.000 doses de CoronaVac ser\u00e3o aplicadas nas segundas doses de 7% de trabalhadores da sa\u00fade; 87% da popula\u00e7\u00e3o de 75 a 79 anos; 78% da popula\u00e7\u00e3o de 70 a 74 e nas primeiras doses de pessoas entre 65 e 69 anos e, finalmente, 6% de trabalhadores das for\u00e7as de seguran\u00e7a.<\/p>\n\n\n\n<p>A amplia\u00e7\u00e3o dos grupos priorit\u00e1rios foi comemorada pelo secret\u00e1rio de Estado da Sa\u00fade, Dr. Edgar Tollini. \u201cSabemos da import\u00e2ncia que tem as for\u00e7as de seguran\u00e7a, para o bem estar da nossa sociedade.&nbsp; Por isso, ficamos felizes com a inclus\u00e3o destes trabalhadores como grupo priorit\u00e1rio no Plano Nacional de Vacina\u00e7\u00e3o contra a Covid-19. \u00c9 poss\u00edvel que, em breve, mais p\u00fablicos ser\u00e3o inclusos\u201d, afirmou o gestor.<\/p>\n\n\n\n<p>At\u00e9 o momento o Tocantins recebeu 270.250 doses de vacinas contra a Covid-19. Segundo dados do Vacin\u00f4metro, o Estado j\u00e1 distribuiu 206.968, das quais 132.564, j\u00e1 foram aplicadas da seguinte forma: 97.013&nbsp;em primeiras doses e 35.551&nbsp;em segundas doses do processo de imuniza\u00e7\u00e3o.<\/p>\n\n\n\n<p><strong>Distribui\u00e7\u00e3o<\/strong><br>A Ger\u00eancia de Imuniza\u00e7\u00e3o da Secretaria de Estado da Sa\u00fade (SES) informou que as novas doses ser\u00e3o conferidas pela equipe t\u00e9cnica, seguindo os protocolos estabelecidos pelo MS e distribu\u00eddas a todos os 139 munic\u00edpios tocantinenses. A data de distribui\u00e7\u00e3o, logo que definida, ser\u00e1 amplamente divulgada.<\/p>\n\n\n\n<p><strong>Dados epidemiol\u00f3gicos<\/strong><br>Dados do 382&nbsp;\u00ba boletim epidemiol\u00f3gico da Covid-19, divulgado pela SES, na quinta-feira, 01, atualmente, o Tocantins contabiliza 432.538&nbsp;pessoas notificadas com a Covid-19 e acumula 141.913&nbsp;casos confirmados. Destes, 122.028&nbsp;pacientes est\u00e3o recuperados, 17.828&nbsp;pacientes seguem em isolamento domiciliar ou hospitalar e 2.057 pacientes foram a \u00f3bito.<\/p>\n\n\n\n<p><strong>Informa\u00e7\u00f5es<\/strong><br>Todas as informa\u00e7\u00f5es relacionadas \u00e0 Covid-19, no Tocantins, como vacina\u00e7\u00e3o, casos, &nbsp;e leitos est\u00e3o dispon\u00edveis no portal do Centro de Informa\u00e7\u00f5es e Decis\u00f5es Estrat\u00e9gicas em Sa\u00fade (Integra Sa\u00fade), atrav\u00e9s do link&nbsp;<a href=\"http:\/\/integra.saude.to.gov.br\/covid19\" target=\"_blank\" rel=\"noreferrer noopener\">http:\/\/integra.saude.to.gov.br\/covid19<\/a>.<\/p>\n","protected":false},"excerpt":{"rendered":"<p>Na madrugada desta sexta-feira, 2, o Tocantins recebeu mais uma remessa de imunizantes contra a Covid-19. Das 52.500 doses, 4.500 s\u00e3o AstraZenca e &nbsp;48.000 CoronaVac , que compreendem a 11\u00aa pauta de distribui\u00e7\u00e3o do Plano Nacional de Imuniza\u00e7\u00e3o, ser\u00e3o destinadas para trabalhadores da sa\u00fade, pessoas de 65 a 79 anos e trabalhadores das for\u00e7as de [&hellip;]<\/p>\n","protected":false},"author":2,"featured_media":8056,"comment_status":"open","ping_status":"open","sticky":false,"template":"","format":"standard","meta":[],"categories":[3],"tags":[13],"_links":{"self":[{"href":"https:\/\/dgospel.com.br\/portal\/index.php\/wp-json\/wp\/v2\/posts\/8054"}],"collection":[{"href":"https:\/\/dgospel.com.br\/portal\/index.php\/wp-json\/wp\/v2\/posts"}],"about":[{"href":"https:\/\/dgospel.com.br\/portal\/index.php\/wp-json\/wp\/v2\/types\/post"}],"author":[{"embeddable":true,"href":"https:\/\/dgospel.com.br\/portal\/index.php\/wp-json\/wp\/v2\/users\/2"}],"replies":[{"embeddable":true,"href":"https:\/\/dgospel.com.br\/portal\/index.php\/wp-json\/wp\/v2\/comments?post=8054"}],"version-history":[{"count":1,"href":"https:\/\/dgospel.com.br\/portal\/index.php\/wp-json\/wp\/v2\/posts\/8054\/revisions"}],"predecessor-version":[{"id":8057,"href":"https:\/\/dgospel.com.br\/portal\/index.php\/wp-json\/wp\/v2\/posts\/8054\/revisions\/8057"}],"wp:featuredmedia":[{"embeddable":true,"href":"https:\/\/dgospel.com.br\/portal\/index.php\/wp-json\/wp\/v2\/media\/8056"}],"wp:attachment":[{"href":"https:\/\/dgospel.com.br\/portal\/index.php\/wp-json\/wp\/v2\/media?parent=8054"}],"wp:term":[{"taxonomy":"category","embeddable":true,"href":"https:\/\/dgospel.com.br\/portal\/index.php\/wp-json\/wp\/v2\/categories?post=8054"},{"taxonomy":"post_tag","embeddable":true,"href":"https:\/\/dgospel.com.br\/portal\/index.php\/wp-json\/wp\/v2\/tags?post=8054"}],"curies":[{"name":"wp","href":"https:\/\/api.w.org\/{rel}","templated":true}]}}