{"id":8058,"date":"2021-04-02T17:12:22","date_gmt":"2021-04-02T20:12:22","guid":{"rendered":"http:\/\/dgospel.com.br\/portal\/?p=8058"},"modified":"2021-04-02T17:12:24","modified_gmt":"2021-04-02T20:12:24","slug":"governador-carlesse-defende-inclusao-de-profissionais-da-educacao-em-grupo-prioritario-de-vacinacao-contra-a-covid-19","status":"publish","type":"post","link":"https:\/\/dgospel.com.br\/portal\/index.php\/2021\/04\/02\/governador-carlesse-defende-inclusao-de-profissionais-da-educacao-em-grupo-prioritario-de-vacinacao-contra-a-covid-19\/","title":{"rendered":"Governador Carlesse defende inclus\u00e3o de profissionais da Educa\u00e7\u00e3o em grupo priorit\u00e1rio de vacina\u00e7\u00e3o contra a Covid-19"},"content":{"rendered":"\n<p>O governador do Estado do Tocantins, Mauro Carlesse, est\u00e1 articulando com o Minist\u00e9rio da Sa\u00fade, a inclus\u00e3o dos profissionais da Educa\u00e7\u00e3o (professores, assistentes administrativos, merendeiras e vigias) no grupo priorit\u00e1rio de vacina\u00e7\u00e3o contra a Covid-19.<\/p>\n\n\n\n<p>O governador Mauro Carlesse afirmou que Educa\u00e7\u00e3o \u00e9 um pilar importante para o desenvolvimento da sociedade e o ensino presencial deve ser retomado o mais r\u00e1pido poss\u00edvel e com seguran\u00e7a.<\/p>\n\n\n\n<p>\u201cAssim como os profissionais da Sa\u00fade e de Seguran\u00e7a, os da Educa\u00e7\u00e3o exercem um papel fundamental na sociedade. Eles moldam o futuro, ensinam nossas crian\u00e7as e adolescentes. Precisamos retomar as aulas presenciais de forma segura e com prote\u00e7\u00e3o para que nossos filhos n\u00e3o sejam mais prejudicados do que j\u00e1 foram. Mesmo com as atividades remotas, h\u00e1 alunos que precisam de mais acompanhamento e aten\u00e7\u00e3o\u201d, afirma o Governador.<\/p>\n\n\n\n<p><strong>For\u00e7as de Seguran\u00e7a<\/strong><\/p>\n\n\n\n<p>O governador Mauro Carlesse tamb\u00e9m anunciou nesta sexta-feira, 2, que os profissionais que atuam nas For\u00e7as de Seguran\u00e7a em territ\u00f3rio tocantinense, inclusos no grupo priorit\u00e1rio de vacina\u00e7\u00e3o contra a Covid-19, receber\u00e3o o imunizante a partir da pr\u00f3xima semana. O Minist\u00e9rio da Sa\u00fade enviou 52 mil doses ao Tocantins e 6% deste total ser\u00e1 destinado \u00e0 classe.<\/p>\n","protected":false},"excerpt":{"rendered":"<p>O governador do Estado do Tocantins, Mauro Carlesse, est\u00e1 articulando com o Minist\u00e9rio da Sa\u00fade, a inclus\u00e3o dos profissionais da Educa\u00e7\u00e3o (professores, assistentes administrativos, merendeiras e vigias) no grupo priorit\u00e1rio de vacina\u00e7\u00e3o contra a Covid-19. O governador Mauro Carlesse afirmou que Educa\u00e7\u00e3o \u00e9 um pilar importante para o desenvolvimento da sociedade e o ensino presencial [&hellip;]<\/p>\n","protected":false},"author":2,"featured_media":8059,"comment_status":"open","ping_status":"open","sticky":false,"template":"","format":"standard","meta":[],"categories":[4],"tags":[13],"_links":{"self":[{"href":"https:\/\/dgospel.com.br\/portal\/index.php\/wp-json\/wp\/v2\/posts\/8058"}],"collection":[{"href":"https:\/\/dgospel.com.br\/portal\/index.php\/wp-json\/wp\/v2\/posts"}],"about":[{"href":"https:\/\/dgospel.com.br\/portal\/index.php\/wp-json\/wp\/v2\/types\/post"}],"author":[{"embeddable":true,"href":"https:\/\/dgospel.com.br\/portal\/index.php\/wp-json\/wp\/v2\/users\/2"}],"replies":[{"embeddable":true,"href":"https:\/\/dgospel.com.br\/portal\/index.php\/wp-json\/wp\/v2\/comments?post=8058"}],"version-history":[{"count":1,"href":"https:\/\/dgospel.com.br\/portal\/index.php\/wp-json\/wp\/v2\/posts\/8058\/revisions"}],"predecessor-version":[{"id":8060,"href":"https:\/\/dgospel.com.br\/portal\/index.php\/wp-json\/wp\/v2\/posts\/8058\/revisions\/8060"}],"wp:featuredmedia":[{"embeddable":true,"href":"https:\/\/dgospel.com.br\/portal\/index.php\/wp-json\/wp\/v2\/media\/8059"}],"wp:attachment":[{"href":"https:\/\/dgospel.com.br\/portal\/index.php\/wp-json\/wp\/v2\/media?parent=8058"}],"wp:term":[{"taxonomy":"category","embeddable":true,"href":"https:\/\/dgospel.com.br\/portal\/index.php\/wp-json\/wp\/v2\/categories?post=8058"},{"taxonomy":"post_tag","embeddable":true,"href":"https:\/\/dgospel.com.br\/portal\/index.php\/wp-json\/wp\/v2\/tags?post=8058"}],"curies":[{"name":"wp","href":"https:\/\/api.w.org\/{rel}","templated":true}]}}