{"id":8061,"date":"2021-04-02T17:37:34","date_gmt":"2021-04-02T20:37:34","guid":{"rendered":"http:\/\/dgospel.com.br\/portal\/?p=8061"},"modified":"2021-04-02T17:37:36","modified_gmt":"2021-04-02T20:37:36","slug":"igrejas-de-palmas-estao-liberadas-para-realizar-cultos-de-forma-presencial-partir-desta-sexta-feira-2","status":"publish","type":"post","link":"https:\/\/dgospel.com.br\/portal\/index.php\/2021\/04\/02\/igrejas-de-palmas-estao-liberadas-para-realizar-cultos-de-forma-presencial-partir-desta-sexta-feira-2\/","title":{"rendered":"Igrejas de Palmas est\u00e3o liberadas para realizar cultos de forma presencial partir desta sexta-feira (2)"},"content":{"rendered":"\n<p>Os\ncultos, missas e reuni\u00f5es religiosas est\u00e3o liberados em Palmas a partir desta\nsexta-feira (2). Esses encontros, na forma presencial,&nbsp;<strong>estavam\nproibidos desde in\u00edcio de mar\u00e7o<\/strong>, quando a prefeitura estabeleceu medidas restritivas para\ncombater a pandemia de coronav\u00edrus. Com isso as igrejas poder\u00e3o reabrir para as\ncelebra\u00e7\u00f5es da P\u00e1scoa, mas dever\u00e3o seguir o protocolo e as condi\u00e7\u00f5es&nbsp;<strong>estabelecidas\npelo munic\u00edpio em junho do ano passado.<\/strong><\/p>\n\n\n\n<p>A reabertura\npresencial para as igrejas foi liberada no decreto N\u00ba 2.019, publicado pelo\nmunic\u00edpio nesta quinta-feira (1\u00b0). O texto prorrogou&nbsp;<strong>novamente a suspens\u00e3o das atividades n\u00e3o essenciais<\/strong>&nbsp;at\u00e9\ndomingo (4).<\/p>\n\n\n\n<p>A partir de\nsegunda-feira (5) vai come\u00e7ar a vigorar em Palmas o decreto N\u00ba 2.020. O texto \u00e9\nmenos restritivo,<strong>&nbsp;promovendo a reabertura\ndas atividades econ\u00f4micas<\/strong>. Institui\u00e7\u00f5es religiosas tamb\u00e9m ter\u00e3o o\nfuncionamento liberado, seguindo as medidas de preven\u00e7\u00e3o \u00e0 Covid-19.<\/p>\n\n\n\n<h2>Protocolo\npara as igrejas<\/h2>\n\n\n\n<p>Para\na realiza\u00e7\u00e3o das celebra\u00e7\u00f5es, a partir desta sexta-feira (2), os l\u00edderes\nprecisam seguir as regras estabelecidas no decreto N\u00ba 1.905, de 10 de junho de\n2020, como por exemplo, respeitar a lota\u00e7\u00e3o m\u00e1xima de 30% da capacidade do\ntemplo.<\/p>\n\n\n\n<p>Al\u00e9m disso, todos os\nfi\u00e9is devem usar m\u00e1scaras de prote\u00e7\u00e3o durante o per\u00edodo em que estiverem no\nlocal, exceto para aqueles que estiverem ministrando as liturgias e as m\u00fasicas.<\/p>\n\n\n\n<p><strong>Veja as outras regras:<\/strong><\/p>\n\n\n\n<ul><li>Os lugares de assento dever\u00e3o ser\ndisponibilizados de forma alternada entre as fileiras de cadeiras ou bancos,\ndevendo ser retirados ou bloqueados aqueles que n\u00e3o podem ser ocupados.<\/li><li>Assegurar que todas as pessoas,\nao entrarem no templo, higienizem as m\u00e3os com \u00e1lcool gel 70%, disponibilizado\npor meio de dispensadores na porta, na secretaria, nos locais em que possam ser\nrealizadas as grava\u00e7\u00f5es para transmiss\u00e3o de cultos e missas e recep\u00e7\u00e3o;<\/li><li>Adotar medidas internas, especialmente\naquelas relacionados \u00e0 sa\u00fade no trabalho;<\/li><li>Sempre que poss\u00edvel, manter todas\nas \u00e1reas ventiladas, incluindo, locais de alimenta\u00e7\u00e3o;<\/li><li>Realizar procedimentos que\ngarantam a higieniza\u00e7\u00e3o do templo, intensificar a limpeza das \u00e1reas internas\ncom desinfetantes pr\u00f3prios para a finalidade e realizar frequente desinfec\u00e7\u00e3o\ncom \u00e1lcool 70% nas superf\u00edcies, como ma\u00e7anetas, mesas, teclados, mouse,\nmateriais de escrit\u00f3rio, balc\u00f5es, corrim\u00e3os, interruptores, banheiros,\nlavat\u00f3rios, pisos, entre outros;<\/li><li>Os atendimentos dos fi\u00e9is devem\nser feitos com hor\u00e1rio agendado, com dist\u00e2ncia m\u00ednima de dois metros entre as\npessoas, exceto para fam\u00edlias;<\/li><li>o atendimento dos fi\u00e9is que fazem\nparte dos grupos de risco, como idosos, hipertensos, diab\u00e9ticos e gestantes\ndeve ser feito em domic\u00edlio;<\/li><\/ul>\n\n\n\n<p>O\ndecreto de junho tamb\u00e9m diz que os l\u00edderes devem orientar aos frequentadores\nque n\u00e3o poder\u00e3o participar das celebra\u00e7\u00f5es e liturgias caso apresentem sintomas\nde resfriado e gripe.<\/p>\n\n\n\n<p>O cumprimento das\nregras ser\u00e1 fiscalizado pelas equipes de vigil\u00e2ncia sanit\u00e1ria e \u00f3rg\u00e3os de\nseguran\u00e7a p\u00fablica. Aqueles que n\u00e3o cumprirem o que estabelece o decreto ficam\nsujeitos \u00e0s penalidades administrativas, civis e criminais, inclusive a\ncassa\u00e7\u00e3o do alvar\u00e1 caso haja reincid\u00eancia.<\/p>\n\n\n\n<p>Fonte: G1 Tocantins <\/p>\n","protected":false},"excerpt":{"rendered":"<p>Os cultos, missas e reuni\u00f5es religiosas est\u00e3o liberados em Palmas a partir desta sexta-feira (2). Esses encontros, na forma presencial,&nbsp;estavam proibidos desde in\u00edcio de mar\u00e7o, quando a prefeitura estabeleceu medidas restritivas para combater a pandemia de coronav\u00edrus. Com isso as igrejas poder\u00e3o reabrir para as celebra\u00e7\u00f5es da P\u00e1scoa, mas dever\u00e3o seguir o protocolo e as [&hellip;]<\/p>\n","protected":false},"author":2,"featured_media":8062,"comment_status":"open","ping_status":"open","sticky":false,"template":"","format":"standard","meta":[],"categories":[5,4],"tags":[13],"_links":{"self":[{"href":"https:\/\/dgospel.com.br\/portal\/index.php\/wp-json\/wp\/v2\/posts\/8061"}],"collection":[{"href":"https:\/\/dgospel.com.br\/portal\/index.php\/wp-json\/wp\/v2\/posts"}],"about":[{"href":"https:\/\/dgospel.com.br\/portal\/index.php\/wp-json\/wp\/v2\/types\/post"}],"author":[{"embeddable":true,"href":"https:\/\/dgospel.com.br\/portal\/index.php\/wp-json\/wp\/v2\/users\/2"}],"replies":[{"embeddable":true,"href":"https:\/\/dgospel.com.br\/portal\/index.php\/wp-json\/wp\/v2\/comments?post=8061"}],"version-history":[{"count":1,"href":"https:\/\/dgospel.com.br\/portal\/index.php\/wp-json\/wp\/v2\/posts\/8061\/revisions"}],"predecessor-version":[{"id":8063,"href":"https:\/\/dgospel.com.br\/portal\/index.php\/wp-json\/wp\/v2\/posts\/8061\/revisions\/8063"}],"wp:featuredmedia":[{"embeddable":true,"href":"https:\/\/dgospel.com.br\/portal\/index.php\/wp-json\/wp\/v2\/media\/8062"}],"wp:attachment":[{"href":"https:\/\/dgospel.com.br\/portal\/index.php\/wp-json\/wp\/v2\/media?parent=8061"}],"wp:term":[{"taxonomy":"category","embeddable":true,"href":"https:\/\/dgospel.com.br\/portal\/index.php\/wp-json\/wp\/v2\/categories?post=8061"},{"taxonomy":"post_tag","embeddable":true,"href":"https:\/\/dgospel.com.br\/portal\/index.php\/wp-json\/wp\/v2\/tags?post=8061"}],"curies":[{"name":"wp","href":"https:\/\/api.w.org\/{rel}","templated":true}]}}