{"id":8074,"date":"2021-04-05T10:08:09","date_gmt":"2021-04-05T13:08:09","guid":{"rendered":"http:\/\/dgospel.com.br\/portal\/?p=8074"},"modified":"2021-04-05T10:08:10","modified_gmt":"2021-04-05T13:08:10","slug":"marco-aurelio-critica-liberacao-de-cultos-e-diz-reze-se-em-casa","status":"publish","type":"post","link":"https:\/\/dgospel.com.br\/portal\/index.php\/2021\/04\/05\/marco-aurelio-critica-liberacao-de-cultos-e-diz-reze-se-em-casa\/","title":{"rendered":"Marco Aur\u00e9lio critica libera\u00e7\u00e3o de cultos e diz: \u2018Reze-se em casa\u2019"},"content":{"rendered":"\n<p>O ministro Marco Aur\u00e9lio Mello, do Supremo Tribunal Federal (STF), voltou a criticar a libera\u00e7\u00e3o de missas e cultos presenciais durante a pandemia de Covid-19. Em entrevista ao site Metr\u00f3poles, o decano da Corte criticou a decis\u00e3o monocr\u00e1tica do ministro Kassio Nunes Marques e disse que as pessoas podem rezar em casa.<\/p>\n\n\n\n<p>A decis\u00e3o de permitir as celebra\u00e7\u00f5es religiosas presenciais foi tomada por Nunes Marques neste s\u00e1bado (3) de forma liminar. A determina\u00e7\u00e3o ainda precisa passar pelo plen\u00e1rio do Supremo. Marco Aur\u00e9lio disse esperar que o colega submeta a decis\u00e3o aos outros integrantes da Corte o quanto antes.<\/p>\n\n\n\n<p>\u2013 Espero que ele submeta na quarta-feira sua decis\u00e3o ao Plen\u00e1rio. Isso tem que ser feito urgentemente, j\u00e1 que o ato seria do colegiado, que estar\u00e1 reunido. Urge tranquilizar a popula\u00e7\u00e3o. Urge a seguran\u00e7a da popula\u00e7\u00e3o, da sociedade \u2013 ressaltou.<\/p>\n\n\n\n<p>Ao ve\u00edculo, o decano do STF falou que \u00e9 preciso evitar as aglomera\u00e7\u00f5es a \u201ctodo custo\u201d e apontou que o maior altar que temos \u201c\u00e9 o nosso lar\u201d.<\/p>\n\n\n\n<p>\u2013 O maior altar que n\u00f3s temos \u00e9 o nosso lar. Reze-se em casa (\u2026) Temos que evitar a todo custo as aglomera\u00e7\u00f5es. A ficha do brasileiro ainda n\u00e3o caiu quanto \u00e0 pandemia, em que pese o n\u00famero de mortes \u2013 destacou.<\/p>\n\n\n\n<p>Ele tamb\u00e9m falou sobre a liminar de Nunes Marques lembrou que o Supremo n\u00e3o est\u00e1 de f\u00e9rias.<\/p>\n\n\n\n<p>\u2013 Em processo objetivo, h\u00e1 a necessidade de 6 votos para implementar-se uma tutela de urg\u00eancia. Como \u00e9 que um colega sozinho implementa? Al\u00e9m disso, o tribunal n\u00e3o est\u00e1 em f\u00e9rias. Est\u00e1 em pleno semestre judici\u00e1rio. Que urg\u00eancia foi essa para ele atuar personificando os 11 ministros? \u2013 questionou.<\/p>\n\n\n\n<p>Por fim, Marco Aur\u00e9lio Mello lembrou que o Poder Executivo \u00e9 o respons\u00e1vel por governar.<\/p>\n\n\n\n<p>\u2013 N\u00f3s temos tr\u00eas Poderes na Rep\u00fablica, Legislativo, Executivo e o Judici\u00e1rio. Quem governa \u00e9 o Executivo, e n\u00f3s n\u00e3o temos expertise na \u00e1rea para dizer o que pode abrir e o que n\u00e3o pode, para dizer se h\u00e1 possibilidade de contamina\u00e7\u00e3o ou n\u00e3o h\u00e1. O Judici\u00e1rio n\u00e3o governa. Ele n\u00e3o \u00e9 o Executivo. N\u00f3s julgamos conflitos de interesse \u2013 ressaltou.<\/p>\n","protected":false},"excerpt":{"rendered":"<p>O ministro Marco Aur\u00e9lio Mello, do Supremo Tribunal Federal (STF), voltou a criticar a libera\u00e7\u00e3o de missas e cultos presenciais durante a pandemia de Covid-19. Em entrevista ao site Metr\u00f3poles, o decano da Corte criticou a decis\u00e3o monocr\u00e1tica do ministro Kassio Nunes Marques e disse que as pessoas podem rezar em casa. A decis\u00e3o de [&hellip;]<\/p>\n","protected":false},"author":2,"featured_media":8075,"comment_status":"open","ping_status":"open","sticky":false,"template":"","format":"standard","meta":[],"categories":[5,4],"tags":[13],"_links":{"self":[{"href":"https:\/\/dgospel.com.br\/portal\/index.php\/wp-json\/wp\/v2\/posts\/8074"}],"collection":[{"href":"https:\/\/dgospel.com.br\/portal\/index.php\/wp-json\/wp\/v2\/posts"}],"about":[{"href":"https:\/\/dgospel.com.br\/portal\/index.php\/wp-json\/wp\/v2\/types\/post"}],"author":[{"embeddable":true,"href":"https:\/\/dgospel.com.br\/portal\/index.php\/wp-json\/wp\/v2\/users\/2"}],"replies":[{"embeddable":true,"href":"https:\/\/dgospel.com.br\/portal\/index.php\/wp-json\/wp\/v2\/comments?post=8074"}],"version-history":[{"count":1,"href":"https:\/\/dgospel.com.br\/portal\/index.php\/wp-json\/wp\/v2\/posts\/8074\/revisions"}],"predecessor-version":[{"id":8076,"href":"https:\/\/dgospel.com.br\/portal\/index.php\/wp-json\/wp\/v2\/posts\/8074\/revisions\/8076"}],"wp:featuredmedia":[{"embeddable":true,"href":"https:\/\/dgospel.com.br\/portal\/index.php\/wp-json\/wp\/v2\/media\/8075"}],"wp:attachment":[{"href":"https:\/\/dgospel.com.br\/portal\/index.php\/wp-json\/wp\/v2\/media?parent=8074"}],"wp:term":[{"taxonomy":"category","embeddable":true,"href":"https:\/\/dgospel.com.br\/portal\/index.php\/wp-json\/wp\/v2\/categories?post=8074"},{"taxonomy":"post_tag","embeddable":true,"href":"https:\/\/dgospel.com.br\/portal\/index.php\/wp-json\/wp\/v2\/tags?post=8074"}],"curies":[{"name":"wp","href":"https:\/\/api.w.org\/{rel}","templated":true}]}}