{"id":8077,"date":"2021-04-05T10:34:59","date_gmt":"2021-04-05T13:34:59","guid":{"rendered":"http:\/\/dgospel.com.br\/portal\/?p=8077"},"modified":"2021-04-05T10:35:01","modified_gmt":"2021-04-05T13:35:01","slug":"comeca-a-valer-partir-desta-segunda-feira-5-decreto-da-prefeitura-que-autoriza-reabertura-do-comercio-em-palmas","status":"publish","type":"post","link":"https:\/\/dgospel.com.br\/portal\/index.php\/2021\/04\/05\/comeca-a-valer-partir-desta-segunda-feira-5-decreto-da-prefeitura-que-autoriza-reabertura-do-comercio-em-palmas\/","title":{"rendered":"Come\u00e7a a valer partir desta segunda-feira (5) decreto da prefeitura que autoriza reabertura do com\u00e9rcio em Palmas"},"content":{"rendered":"\n<p>A partir desta segunda-feira (5), come\u00e7a a valer o decreto da\nprefeitura que flexibiliza o funcionamento do com\u00e9rcio em Palmas. A principal\nmudan\u00e7a \u00e9 a reabertura das atividades n\u00e3o essenciais com hor\u00e1rios determinados.<\/p>\n\n\n\n<p>As atividades foram suspensas no dia&nbsp;<a href=\"https:\/\/g1.globo.com\/to\/tocantins\/noticia\/2021\/03\/04\/decreto-suspende-atividades-nao-essenciais-e-realizacao-de-eventos-em-palmas-a-partir-do-proximo-sabado-6.ghtml\">6 de mar\u00e7o por causa do aumento no n\u00famero de casos da Covid-19<\/a>. O decreto tinha validade at\u00e9 o dia 16,&nbsp;<a href=\"https:\/\/g1.globo.com\/to\/tocantins\/noticia\/2021\/03\/16\/prefeitura-prorroga-decreto-que-suspende-atividades-nao-essenciais-em-palmas.ghtml\">mas acabou sendo prorrogado at\u00e9 este domingo (4).<\/a><\/p>\n\n\n\n<p>Palmas \u00e9 a cidade com o maior n\u00famero de casos pelo novo coronav\u00edrus. Desde o in\u00edcio da pandemia, foram contabilizados 36.097 diagn\u00f3sticos e 390 mortes.<\/p>\n\n\n\n<p>A partir desta segunda, o com\u00e9rcio funcionar\u00e1 em hor\u00e1rio escalonado. A retomada nesse formato foi pensada para ter redu\u00e7\u00e3o do fluxo no transporte p\u00fablico, que foi indicado como uma das principais preocupa\u00e7\u00f5es.<a href=\"http:\/\/diariooficial.palmas.to.gov.br\/media\/diario\/2710-2-4-2021-0-46-1.pdf\" target=\"_blank\" rel=\"noreferrer noopener\">&nbsp;Veja o decreto completo.<\/a><\/p>\n\n\n\n<p>Os segmentos que n\u00e3o tiveram os hor\u00e1rios especificados no decreto poder\u00e3o funcionar das 8h \u00e0s 18h. A exce\u00e7\u00e3o \u00e9 para bares, restaurantes, lanchonetes e similares, que poder\u00e3o funcionar at\u00e9 meia-noite, exclusivamente, para entrega em domic\u00edlio ou retirada no local. Fica vedada a entrada no interior do estabelecimento.<\/p>\n\n\n\n<p>A prefeitura divulgou o hor\u00e1rio de funcionamento de cada com\u00e9rcio. Veja abaixo:<\/p>\n\n\n\n<figure class=\"wp-block-image\"><img src=\"https:\/\/s2.glbimg.com\/7zdlDVoYsSzLKgllx02wwSxhV3s=\/0x0:750x739\/984x0\/smart\/filters:strip_icc()\/i.s3.glbimg.com\/v1\/AUTH_59edd422c0c84a879bd37670ae4f538a\/internal_photos\/bs\/2021\/8\/3\/tY6O4NTBaSywB3H3BAxg\/medidas-1.jpeg\" alt=\"Veja os estabelecimentos que estar\u00e3o abertos por 24 horas \u2014 Foto: Divulga\u00e7\u00e3o\/Prefeitura de Palmas\"\/><\/figure>\n\n\n\n<p>Veja os estabelecimentos que estar\u00e3o abertos por 24 horas \u2014 Foto: Divulga\u00e7\u00e3o\/Prefeitura de Palmas<\/p>\n\n\n\n<figure class=\"wp-block-image\"><img src=\"https:\/\/s2.glbimg.com\/Y0tbosOIPwwFvBdK8vYc0FM5apw=\/0x0:748x731\/984x0\/smart\/filters:strip_icc()\/i.s3.glbimg.com\/v1\/AUTH_59edd422c0c84a879bd37670ae4f538a\/internal_photos\/bs\/2021\/D\/B\/AxUvdXTWmVIAVWTA7U1g\/medidas-2.jpeg\" alt=\"Supermercados poder\u00e3o funcionar at\u00e9 \u00e0s 22h todos os dias \u2014 Foto: Divulga\u00e7\u00e3o\/Prefeitura de Palmas\"\/><\/figure>\n\n\n\n<p>Supermercados poder\u00e3o funcionar at\u00e9 \u00e0s 22h todos os dias \u2014 Foto: Divulga\u00e7\u00e3o\/Prefeitura de Palmas<\/p>\n\n\n\n<figure class=\"wp-block-image\"><img src=\"https:\/\/s2.glbimg.com\/K3-UPepWJQ9BA8AJtztgLjFxncM=\/0x0:750x734\/984x0\/smart\/filters:strip_icc()\/i.s3.glbimg.com\/v1\/AUTH_59edd422c0c84a879bd37670ae4f538a\/internal_photos\/bs\/2021\/i\/F\/US2V72TpKTdn6OuVGC1A\/medidas-3.jpeg\" alt=\"Academias poder\u00e3o abrir de segunda a sexta, de meio-dia \u00e0 meia-noite \u2014 Foto: Divulga\u00e7\u00e3o\/Prefeitura de Palmas\"\/><\/figure>\n\n\n\n<p>Academias poder\u00e3o abrir de segunda a sexta, de meio-dia \u00e0 meia-noite \u2014 Foto: Divulga\u00e7\u00e3o\/Prefeitura de Palmas<\/p>\n\n\n\n<figure class=\"wp-block-image\"><img src=\"https:\/\/s2.glbimg.com\/7BokOTvmd2Ntv7YUbxqRHe2Z__4=\/0x0:750x740\/984x0\/smart\/filters:strip_icc()\/i.s3.glbimg.com\/v1\/AUTH_59edd422c0c84a879bd37670ae4f538a\/internal_photos\/bs\/2021\/Q\/s\/HPuA9ETv2346KzMO6CzQ\/medidas-4.jpeg\" alt=\"Lojas de roupas poder\u00e3o abrir para retirada no local ou entrega a domic\u00edlio \u2014 Foto: Divulga\u00e7\u00e3o\/Prefeitura de Palmas\"\/><\/figure>\n\n\n\n<p>Lojas de roupas poder\u00e3o abrir para retirada no local ou entrega a domic\u00edlio \u2014 Foto: Divulga\u00e7\u00e3o\/Prefeitura de Palmas<\/p>\n\n\n\n<h2>Continuam suspensos<\/h2>\n\n\n\n<ul><li>As atividades presenciais em escolas, ber\u00e7\u00e1rios, cursinhos, p\u00fablicos ou particulares, e em institui\u00e7\u00f5es de ensino superior.<\/li><li>Fica mantido o fechamento de todos os espa\u00e7os p\u00fablicos da Capital.<\/li><li>Ficam suspensos os eventos de toda e qualquer natureza na Capital.<\/li><li>O atendimento presencial ao p\u00fablico nos \u00f3rg\u00e3os e entidades municipais continua suspenso, com exce\u00e7\u00e3o das unidades de sa\u00fade, conselhos tutelares, plant\u00e3o social da Secretaria Municipal de Desenvolvimento Social, casas de acolhimento, Centros de Refer\u00eancia de Assist\u00eancia Social (Cras) e Centros de Refer\u00eancia Especializado de Assist\u00eancia Social (Creas). Atendimento nas unidades do Resolve Palmas, mediante agendamento, e recebimento de documentos de fam\u00edlias pr\u00e9-selecionadas para projetos de habita\u00e7\u00e3o.<\/li><\/ul>\n\n\n\n<h2>Outras medidas<\/h2>\n\n\n\n<p>Nos estabelecimentos \u00e9 obrigat\u00f3ria a dist\u00e2ncia m\u00ednima de 2m entre todas as pessoas, assim como a instala\u00e7\u00e3o de tapetes sanitizantes, aferi\u00e7\u00e3o de temperatura de todos consumidores e funcion\u00e1rios e a disponibiliza\u00e7\u00e3o de \u00e1lcool gel em locais de f\u00e1cil acesso.<\/p>\n\n\n\n<p>Fica limitada a entrada de uma pessoa, por fam\u00edlia, nas empresas do com\u00e9rcio varejista e atacadista de produtos aliment\u00edcios, que dever\u00e3o restringir o quantitativo de consumidores nos ambientes em 50% da capacidade total.<\/p>\n\n\n\n<p>Foram suspensos os prazos administrativos e tribut\u00e1rios previstos na legisla\u00e7\u00e3o municipal, excetuados aqueles decorrentes das atividades econ\u00f4micas n\u00e3o suspensas por esse novo decreto, assim como de procedimentos licitat\u00f3rios e de medidas impostas pela administra\u00e7\u00e3o em raz\u00e3o da pandemia pelo novo coronav\u00edrus.<\/p>\n\n\n\n<p>Segundo o munic\u00edpio, o decreto n\u00e3o se aplica a ag\u00eancias banc\u00e1rias, correios, casas lot\u00e9ricas, exerc\u00edcio profissional e demais atividades que tenham o seu funcionamento regulado na legisla\u00e7\u00e3o estadual ou federal.<\/p>\n\n\n\n<p>O descumprimento das medidas vai sujeitar os infratores a pagamento de multa de R$ 3,5 mil a R$ 10,7 mil. Al\u00e9m de penalidades administrativas e c\u00edveis ou criminais.<\/p>\n\n\n\n<p>Fonte:  <strong>G1 Tocantins<\/strong> <\/p>\n","protected":false},"excerpt":{"rendered":"<p>A partir desta segunda-feira (5), come\u00e7a a valer o decreto da prefeitura que flexibiliza o funcionamento do com\u00e9rcio em Palmas. A principal mudan\u00e7a \u00e9 a reabertura das atividades n\u00e3o essenciais com hor\u00e1rios determinados. As atividades foram suspensas no dia&nbsp;6 de mar\u00e7o por causa do aumento no n\u00famero de casos da Covid-19. O decreto tinha validade [&hellip;]<\/p>\n","protected":false},"author":2,"featured_media":8078,"comment_status":"open","ping_status":"open","sticky":false,"template":"","format":"standard","meta":[],"categories":[4],"tags":[13],"_links":{"self":[{"href":"https:\/\/dgospel.com.br\/portal\/index.php\/wp-json\/wp\/v2\/posts\/8077"}],"collection":[{"href":"https:\/\/dgospel.com.br\/portal\/index.php\/wp-json\/wp\/v2\/posts"}],"about":[{"href":"https:\/\/dgospel.com.br\/portal\/index.php\/wp-json\/wp\/v2\/types\/post"}],"author":[{"embeddable":true,"href":"https:\/\/dgospel.com.br\/portal\/index.php\/wp-json\/wp\/v2\/users\/2"}],"replies":[{"embeddable":true,"href":"https:\/\/dgospel.com.br\/portal\/index.php\/wp-json\/wp\/v2\/comments?post=8077"}],"version-history":[{"count":1,"href":"https:\/\/dgospel.com.br\/portal\/index.php\/wp-json\/wp\/v2\/posts\/8077\/revisions"}],"predecessor-version":[{"id":8079,"href":"https:\/\/dgospel.com.br\/portal\/index.php\/wp-json\/wp\/v2\/posts\/8077\/revisions\/8079"}],"wp:featuredmedia":[{"embeddable":true,"href":"https:\/\/dgospel.com.br\/portal\/index.php\/wp-json\/wp\/v2\/media\/8078"}],"wp:attachment":[{"href":"https:\/\/dgospel.com.br\/portal\/index.php\/wp-json\/wp\/v2\/media?parent=8077"}],"wp:term":[{"taxonomy":"category","embeddable":true,"href":"https:\/\/dgospel.com.br\/portal\/index.php\/wp-json\/wp\/v2\/categories?post=8077"},{"taxonomy":"post_tag","embeddable":true,"href":"https:\/\/dgospel.com.br\/portal\/index.php\/wp-json\/wp\/v2\/tags?post=8077"}],"curies":[{"name":"wp","href":"https:\/\/api.w.org\/{rel}","templated":true}]}}