{"id":8080,"date":"2021-04-05T15:01:22","date_gmt":"2021-04-05T18:01:22","guid":{"rendered":"http:\/\/dgospel.com.br\/portal\/?p=8080"},"modified":"2021-04-05T15:01:24","modified_gmt":"2021-04-05T18:01:24","slug":"gilmar-mendes-decide-proibir-missas-e-cultos-em-sao-paulo","status":"publish","type":"post","link":"https:\/\/dgospel.com.br\/portal\/index.php\/2021\/04\/05\/gilmar-mendes-decide-proibir-missas-e-cultos-em-sao-paulo\/","title":{"rendered":"Gilmar Mendes decide proibir missas e cultos em S\u00e3o Paulo"},"content":{"rendered":"\n<p>O ministro&nbsp;<a href=\"https:\/\/pleno.news\/tag\/gilmar-mendes\" target=\"_blank\" rel=\"noreferrer noopener\">Gilmar Mendes<\/a>, do Supremo Tribunal Federal, rejeitou nesta segunda-feira (5) o pedido liminar para suspender o decreto do governo de&nbsp;<a href=\"https:\/\/pleno.news\/tag\/sao-paulo\" target=\"_blank\" rel=\"noreferrer noopener\">S\u00e3o Paulo<\/a>&nbsp;que proibiu celebra\u00e7\u00f5es religiosas no estado por conta do aumento dos n\u00fameros de casos e mortes pela Covid-19. Com a decis\u00e3o ministro enviou o caso ao plen\u00e1rio da Corte.<\/p>\n\n\n\n<p>A decis\u00e3o \u00e9 contr\u00e1ria ao entendimento do ministro Nunes Marques que determinou no s\u00e1bado (3), em car\u00e1ter liminar, que governadores e prefeitos n\u00e3o podiam proibir a celebra\u00e7\u00e3o de atos religiosos desde que preservados protocolos sanit\u00e1rios, entre eles, lota\u00e7\u00e3o m\u00e1xima de 25 % da capacidade do local.<\/p>\n\n\n\n<p>Como as decis\u00f5es s\u00e3o conflitantes entre si, caber\u00e1 ao plen\u00e1rio do Supremo dar a palavra final sobre a libera\u00e7\u00e3o, ou n\u00e3o, dos cultos e missas. Segundo a jornalista Andreia Sadi, da TV Globo, o presidente do STF, ministro Luiz Fux, marcou o julgamento para esta quarta-feira (7).<\/p>\n\n\n\n<p>O pedido de liminar foi feito pelo PSD em uma a\u00e7\u00e3o em que o partido questionava o decreto do governo de S\u00e3o Paulo, que instituiu medidas emergenciais destinadas ao enfrentamento da pandemia, entre elas, a proibi\u00e7\u00e3o de cultos, missas e outras atividades religiosas com presen\u00e7a de p\u00fablico no estado.<\/p>\n","protected":false},"excerpt":{"rendered":"<p>O ministro&nbsp;Gilmar Mendes, do Supremo Tribunal Federal, rejeitou nesta segunda-feira (5) o pedido liminar para suspender o decreto do governo de&nbsp;S\u00e3o Paulo&nbsp;que proibiu celebra\u00e7\u00f5es religiosas no estado por conta do aumento dos n\u00fameros de casos e mortes pela Covid-19. Com a decis\u00e3o ministro enviou o caso ao plen\u00e1rio da Corte. A decis\u00e3o \u00e9 contr\u00e1ria ao [&hellip;]<\/p>\n","protected":false},"author":2,"featured_media":8081,"comment_status":"open","ping_status":"open","sticky":false,"template":"","format":"standard","meta":[],"categories":[4],"tags":[],"_links":{"self":[{"href":"https:\/\/dgospel.com.br\/portal\/index.php\/wp-json\/wp\/v2\/posts\/8080"}],"collection":[{"href":"https:\/\/dgospel.com.br\/portal\/index.php\/wp-json\/wp\/v2\/posts"}],"about":[{"href":"https:\/\/dgospel.com.br\/portal\/index.php\/wp-json\/wp\/v2\/types\/post"}],"author":[{"embeddable":true,"href":"https:\/\/dgospel.com.br\/portal\/index.php\/wp-json\/wp\/v2\/users\/2"}],"replies":[{"embeddable":true,"href":"https:\/\/dgospel.com.br\/portal\/index.php\/wp-json\/wp\/v2\/comments?post=8080"}],"version-history":[{"count":1,"href":"https:\/\/dgospel.com.br\/portal\/index.php\/wp-json\/wp\/v2\/posts\/8080\/revisions"}],"predecessor-version":[{"id":8082,"href":"https:\/\/dgospel.com.br\/portal\/index.php\/wp-json\/wp\/v2\/posts\/8080\/revisions\/8082"}],"wp:featuredmedia":[{"embeddable":true,"href":"https:\/\/dgospel.com.br\/portal\/index.php\/wp-json\/wp\/v2\/media\/8081"}],"wp:attachment":[{"href":"https:\/\/dgospel.com.br\/portal\/index.php\/wp-json\/wp\/v2\/media?parent=8080"}],"wp:term":[{"taxonomy":"category","embeddable":true,"href":"https:\/\/dgospel.com.br\/portal\/index.php\/wp-json\/wp\/v2\/categories?post=8080"},{"taxonomy":"post_tag","embeddable":true,"href":"https:\/\/dgospel.com.br\/portal\/index.php\/wp-json\/wp\/v2\/tags?post=8080"}],"curies":[{"name":"wp","href":"https:\/\/api.w.org\/{rel}","templated":true}]}}