{"id":8086,"date":"2021-04-05T23:36:29","date_gmt":"2021-04-06T02:36:29","guid":{"rendered":"http:\/\/dgospel.com.br\/portal\/?p=8086"},"modified":"2021-04-05T23:36:30","modified_gmt":"2021-04-06T02:36:30","slug":"coloquei-minha-vida-diante-da-cruz-testemunha-andre-mendonca-em-culto","status":"publish","type":"post","link":"https:\/\/dgospel.com.br\/portal\/index.php\/2021\/04\/05\/coloquei-minha-vida-diante-da-cruz-testemunha-andre-mendonca-em-culto\/","title":{"rendered":"\u201cColoquei minha vida diante da Cruz\u201d, testemunha Andr\u00e9 Mendon\u00e7a em culto"},"content":{"rendered":"\n<p>O pastor presbiteriano&nbsp;<a href=\"https:\/\/guiame.com.br\/gospel\/mundo-cristao\/novo-ministro-da-justica-e-pastor-e-advogado-premiado-em-combate-corrupcao.html\"><strong>Andr\u00e9 Mendon\u00e7a<\/strong><\/a>, atual advogado-geral da Uni\u00e3o e ex-ministro da Justi\u00e7a e Seguran\u00e7a P\u00fablica, pregou no p\u00falpito da igreja MEVAM, em Itaja\u00ed (SC), na manh\u00e3 de s\u00e1bado (3), durante um Caf\u00e9 com Pastores liderado por Luiz Herm\u00ednio.<\/p>\n\n\n\n<p>Mendon\u00e7a come\u00e7ou sua mensagem com a pergunta: Quem \u00e9 o Andr\u00e9 para quem n\u00e3o tem a cosmovis\u00e3o crist\u00e3? Ele respondeu citando o Salmos 119:141, que diz: \u201cSou pequeno e desprezado, mas n\u00e3o esque\u00e7o os teus preceitos.\u201d<\/p>\n\n\n\n<p>\u201cO Andr\u00e9 diante dos Golias \u00e9 pequeno e desprezado\u201d, ele explicou. \u201cAssim foi com Davi, assim foram com os profetas e tamb\u00e9m com Jesus. Assim \u00e9 comigo e com voc\u00ea.\u201d<\/p>\n\n\n\n<p>Por outro lado, Mendon\u00e7a lembra que Deus \u201cescolheu as coisas insignificantes do mundo, as desprezadas e as que nada s\u00e3o, para reduzir a nada as que s\u00e3o\u201d, conforme o texto de 1 Cor\u00edntios 1:28.<\/p>\n\n\n\n<p>Olhando para tr\u00e1s, Mendon\u00e7a lembra que ouviu por diversas vezes a frase \u201cquem voc\u00ea pensa que \u00e9?\u201d, enquanto fazia concursos para se tornar advogado da Petrobras Distribuidora e ingressar na carreira de advogado da Uni\u00e3o.<\/p>\n\n\n\n<p>\u201cQuantas vezes voc\u00eas foram desacreditados? Quantos homens e mulheres de Deus na hist\u00f3ria da B\u00edblia passaram pela mesma situa\u00e7\u00e3o?\u201d, questionou. \u201cVoc\u00ea quer ganhar a sua vida? Siga a Cristo e tome sua Cruz diariamente.\u201d<\/p>\n\n\n\n<p>O chefe da&nbsp;<a href=\"https:\/\/guiame.com.br\/gospel\/mundo-cristao\/novo-ministro-da-justica-e-pastor-e-advogado-premiado-em-combate-corrupcao.html\"><strong>AGU<\/strong><\/a>&nbsp;tamb\u00e9m lembra de ter lido uma sugest\u00e3o a seu respeito em um jornal, perguntando quem era o Andr\u00e9 na fila do p\u00e3o.&nbsp;<\/p>\n\n\n\n<p>Sobre isso, ele comenta: \u201cO Andr\u00e9 na fila do p\u00e3o era e continua sendo nada, mas eu sirvo a um Deus que \u00e9 tudo em todo tempo, em todas as coisas, e diante de qualquer pessoa. Eu na fila do p\u00e3o estou como que catando as migalhas, esperando o que Cristo pode derramar na minha vida.\u201d<\/p>\n\n\n\n<figure class=\"wp-block-image\"><img src=\"https:\/\/thumbor.guiame.com.br\/unsafe\/smart\/https:\/\/media.guiame.com.br\/archives\/2021\/04\/05\/3338339849-.jpg\" alt=\"\"\/><\/figure>\n\n\n\n<p><br><sup>Luiz Herm\u00ednio ora por Andr\u00e9 Mendon\u00e7a&nbsp;no MEVAM, em Itaja\u00ed. (Foto: Instagram\/Luiz Herm\u00ednio)<\/sup><\/p>\n\n\n\n<p>\u201cPor mim mesmo, eu n\u00e3o tenho nem uma moeda para comprar o p\u00e3o de cada dia, se Deus n\u00e3o me der o sopro da vida\u201d, ele destacou.<\/p>\n\n\n\n<p><strong>Autor da vida<\/strong><\/p>\n\n\n\n<p>Andr\u00e9 fez ainda uma an\u00e1lise sobre como Deus tem conduzido sua jornada, o comparando a um autor que tem escrito sua hist\u00f3ria.<\/p>\n\n\n\n<p>\u201cO mais belo dos meus poemas seria um garrancho diante de um rascunho do que Deus quisesse escrever. No melhor dos meus escritos eu jamais teria sido advogado-geral da Uni\u00e3o ou ministro da Justi\u00e7a do Brasil\u201d, disse.<\/p>\n\n\n\n<p>Depois de afirmar que entregou sua caneta a Quem sabe escrever, Mendon\u00e7a fez um apelo: \u201cColoque a sua vida diante da Cruz, diante do autor e consumador da nossa f\u00e9\u201d.<\/p>\n\n\n\n<p>\u201cDeus \u00e9 maior do que qualquer prova e obst\u00e1culo\u201d, ele continuou. \u201cO que Deus escreve, o homem n\u00e3o apaga. E o que Deus apaga, o homem n\u00e3o escreve. A porta que Deus abre, ningu\u00e9m fecha. E a porta que Deus fecha, ningu\u00e9m abre. O que h\u00e1 para a sua vida j\u00e1 est\u00e1 escrito desde antes da funda\u00e7\u00e3o do mundo\u201d.<\/p>\n\n\n\n<p><em>Veja a prega\u00e7\u00e3o completa:<\/em><\/p>\n\n\n\n<figure class=\"wp-block-embed-youtube wp-block-embed is-type-video is-provider-youtube wp-embed-aspect-16-9 wp-has-aspect-ratio\"><div class=\"wp-block-embed__wrapper\">\n<iframe loading=\"lazy\" title=\"MEVAM OFICIAL - CAF\u00c9 COM PASTORES  | Abril 2021\" width=\"630\" height=\"354\" src=\"https:\/\/www.youtube.com\/embed\/m4tM7o55PXo?start=8925&#038;feature=oembed\" frameborder=\"0\" allow=\"accelerometer; autoplay; clipboard-write; encrypted-media; gyroscope; picture-in-picture\" allowfullscreen><\/iframe>\n<\/div><\/figure>\n\n\n\n<p> FONTE: GUIAME, LUANA NOVAES <\/p>\n","protected":false},"excerpt":{"rendered":"<p>O pastor presbiteriano&nbsp;Andr\u00e9 Mendon\u00e7a, atual advogado-geral da Uni\u00e3o e ex-ministro da Justi\u00e7a e Seguran\u00e7a P\u00fablica, pregou no p\u00falpito da igreja MEVAM, em Itaja\u00ed (SC), na manh\u00e3 de s\u00e1bado (3), durante um Caf\u00e9 com Pastores liderado por Luiz Herm\u00ednio. Mendon\u00e7a come\u00e7ou sua mensagem com a pergunta: Quem \u00e9 o Andr\u00e9 para quem n\u00e3o tem a cosmovis\u00e3o [&hellip;]<\/p>\n","protected":false},"author":2,"featured_media":8087,"comment_status":"open","ping_status":"open","sticky":false,"template":"","format":"standard","meta":[],"categories":[5],"tags":[],"_links":{"self":[{"href":"https:\/\/dgospel.com.br\/portal\/index.php\/wp-json\/wp\/v2\/posts\/8086"}],"collection":[{"href":"https:\/\/dgospel.com.br\/portal\/index.php\/wp-json\/wp\/v2\/posts"}],"about":[{"href":"https:\/\/dgospel.com.br\/portal\/index.php\/wp-json\/wp\/v2\/types\/post"}],"author":[{"embeddable":true,"href":"https:\/\/dgospel.com.br\/portal\/index.php\/wp-json\/wp\/v2\/users\/2"}],"replies":[{"embeddable":true,"href":"https:\/\/dgospel.com.br\/portal\/index.php\/wp-json\/wp\/v2\/comments?post=8086"}],"version-history":[{"count":1,"href":"https:\/\/dgospel.com.br\/portal\/index.php\/wp-json\/wp\/v2\/posts\/8086\/revisions"}],"predecessor-version":[{"id":8088,"href":"https:\/\/dgospel.com.br\/portal\/index.php\/wp-json\/wp\/v2\/posts\/8086\/revisions\/8088"}],"wp:featuredmedia":[{"embeddable":true,"href":"https:\/\/dgospel.com.br\/portal\/index.php\/wp-json\/wp\/v2\/media\/8087"}],"wp:attachment":[{"href":"https:\/\/dgospel.com.br\/portal\/index.php\/wp-json\/wp\/v2\/media?parent=8086"}],"wp:term":[{"taxonomy":"category","embeddable":true,"href":"https:\/\/dgospel.com.br\/portal\/index.php\/wp-json\/wp\/v2\/categories?post=8086"},{"taxonomy":"post_tag","embeddable":true,"href":"https:\/\/dgospel.com.br\/portal\/index.php\/wp-json\/wp\/v2\/tags?post=8086"}],"curies":[{"name":"wp","href":"https:\/\/api.w.org\/{rel}","templated":true}]}}