{"id":8092,"date":"2021-04-06T16:53:33","date_gmt":"2021-04-06T19:53:33","guid":{"rendered":"http:\/\/dgospel.com.br\/portal\/?p=8092"},"modified":"2021-04-06T16:55:36","modified_gmt":"2021-04-06T19:55:36","slug":"requerimentos-de-autoria-do-vereador-rubens-uchoa-sao-aprovados-na-camara-municipal-de-palmas","status":"publish","type":"post","link":"https:\/\/dgospel.com.br\/portal\/index.php\/2021\/04\/06\/requerimentos-de-autoria-do-vereador-rubens-uchoa-sao-aprovados-na-camara-municipal-de-palmas\/","title":{"rendered":"Requerimentos de autoria do vereador Rubens Uch\u00f4a s\u00e3o aprovados na C\u00e2mara Municipal de Palmas"},"content":{"rendered":"\n<p>Dois requerimentos de autoria\ndo vereador Rubens Uch\u00f4a (Cidadania) foram aprovados esta semana na C\u00e2mara Municipal\nde Palmas<\/p>\n\n\n\n<p>O vereador solicita a\nconstru\u00e7\u00e3o de uma quadra esportiva no setor Aureny III. O parlamentar justifica\nque o esporte e o lazer s\u00e3o um direito individual e coletivo\nconstitucionalmente assegurado, cabendo ao Poder P\u00fablico propiciar as condi\u00e7\u00f5es\nmateriais suficientes para a efetiva\u00e7\u00e3o dessa garantia, se faz necess\u00e1rio a\nconstru\u00e7\u00e3o de uma quadra esportiva para aquela comunidade, proporcionando e\npromovendo a pr\u00e1tica de esportes e melhorando a qualidade de vida dos moradores\ndaquela regi\u00e3o.<\/p>\n\n\n\n<p>Rubens Uch\u00f4a\nrequer tamb\u00e9m a constru\u00e7\u00e3o de uma feira coberta no setor Jardim Aureny IV, o pedido\nagora ser\u00e1 encaminhado ao Chefe do Poder Executivo Municipal, para promover a\nconstru\u00e7\u00e3o de uma feira.<\/p>\n\n\n\n<p>Segundo o parlamentar a grande\nquantidade de pessoas residentes e que circulam no setor Jardim Aureny IV, por\nconta de mais tr\u00eas setores que o cercam, verifica-se a import\u00e2ncia de um espa\u00e7o\nonde os produtores e comerciantes possam expor seus produtos e um local seguro\ne confort\u00e1vel.<\/p>\n","protected":false},"excerpt":{"rendered":"<p>Dois requerimentos de autoria do vereador Rubens Uch\u00f4a (Cidadania) foram aprovados esta semana na C\u00e2mara Municipal de Palmas O vereador solicita a constru\u00e7\u00e3o de uma quadra esportiva no setor Aureny III. O parlamentar justifica que o esporte e o lazer s\u00e3o um direito individual e coletivo constitucionalmente assegurado, cabendo ao Poder P\u00fablico propiciar as condi\u00e7\u00f5es [&hellip;]<\/p>\n","protected":false},"author":2,"featured_media":8095,"comment_status":"open","ping_status":"open","sticky":false,"template":"","format":"standard","meta":[],"categories":[8],"tags":[],"_links":{"self":[{"href":"https:\/\/dgospel.com.br\/portal\/index.php\/wp-json\/wp\/v2\/posts\/8092"}],"collection":[{"href":"https:\/\/dgospel.com.br\/portal\/index.php\/wp-json\/wp\/v2\/posts"}],"about":[{"href":"https:\/\/dgospel.com.br\/portal\/index.php\/wp-json\/wp\/v2\/types\/post"}],"author":[{"embeddable":true,"href":"https:\/\/dgospel.com.br\/portal\/index.php\/wp-json\/wp\/v2\/users\/2"}],"replies":[{"embeddable":true,"href":"https:\/\/dgospel.com.br\/portal\/index.php\/wp-json\/wp\/v2\/comments?post=8092"}],"version-history":[{"count":1,"href":"https:\/\/dgospel.com.br\/portal\/index.php\/wp-json\/wp\/v2\/posts\/8092\/revisions"}],"predecessor-version":[{"id":8094,"href":"https:\/\/dgospel.com.br\/portal\/index.php\/wp-json\/wp\/v2\/posts\/8092\/revisions\/8094"}],"wp:featuredmedia":[{"embeddable":true,"href":"https:\/\/dgospel.com.br\/portal\/index.php\/wp-json\/wp\/v2\/media\/8095"}],"wp:attachment":[{"href":"https:\/\/dgospel.com.br\/portal\/index.php\/wp-json\/wp\/v2\/media?parent=8092"}],"wp:term":[{"taxonomy":"category","embeddable":true,"href":"https:\/\/dgospel.com.br\/portal\/index.php\/wp-json\/wp\/v2\/categories?post=8092"},{"taxonomy":"post_tag","embeddable":true,"href":"https:\/\/dgospel.com.br\/portal\/index.php\/wp-json\/wp\/v2\/tags?post=8092"}],"curies":[{"name":"wp","href":"https:\/\/api.w.org\/{rel}","templated":true}]}}