{"id":8098,"date":"2021-04-07T16:31:29","date_gmt":"2021-04-07T19:31:29","guid":{"rendered":"http:\/\/dgospel.com.br\/portal\/?p=8098"},"modified":"2021-04-07T16:31:30","modified_gmt":"2021-04-07T19:31:30","slug":"leo-barbosa-solicita-reforco-na-distribuicao-de-epis-para-os-hospitais-do-to","status":"publish","type":"post","link":"https:\/\/dgospel.com.br\/portal\/index.php\/2021\/04\/07\/leo-barbosa-solicita-reforco-na-distribuicao-de-epis-para-os-hospitais-do-to\/","title":{"rendered":"L\u00e9o Barbosa solicita refor\u00e7o na distribui\u00e7\u00e3o de EPIs para os hospitais do TO"},"content":{"rendered":"\n<p>Durante a sess\u00e3o desta ter\u00e7a-feira, 06, o deputado estadual L\u00e9o Barbosa (Solidariedade) solicitou ao Governo do Estado do Tocantins, por interm\u00e9dio da Secretaria da Sa\u00fade, que reforce a distribui\u00e7\u00e3o de equipamentos de prote\u00e7\u00e3o individual (EPIs) nos hospitais p\u00fablicos do Estado do Tocantins, especialmente o fornecimento de m\u00e1scaras de prote\u00e7\u00e3o facial do tipo N95 ou PFF2, indispens\u00e1veis neste momento de aumento nos casos da Covid-19.<br><\/p>\n\n\n\n<p>&nbsp;&nbsp;&nbsp;&nbsp;&nbsp;&nbsp;&nbsp;De acordo com o parlamentar, o pedido partiu de servidores lotados nas unidades de sa\u00fade, que declararam que em raz\u00e3o do grande aumento de casos de Covid, n\u00e3o h\u00e1 equipamentos suficientes para atender todas as demandas hospitalares. \u201cAl\u00e9m das m\u00e1scaras precisamos de uma for\u00e7a-tarefa para que n\u00e3o faltem \u00f3culos de prote\u00e7\u00e3o individual, luvas e aventais descart\u00e1veis, sab\u00e3o, papel toalha e \u00e1lcool gel para higieniza\u00e7\u00e3o das m\u00e3os\u201d, destacou.<br><\/p>\n\n\n\n<p>Barbosa falou ainda sobre o grande empenho dos profissionais de sa\u00fade, neste que \u00e9 considerado o pior momento da pandemia no Brasil. \u201cTemos visto in\u00fameros M\u00e9dicos, Enfermeiros, T\u00e9cnicos de Enfermagem e outros profissionais da sa\u00fade que deram tudo de si no combate \u00e0 pandemia e n\u00e3o conseguiram sobreviver, ent\u00e3o o Estado precisa fazer tudo para garantir mais seguran\u00e7a laboral para quem est\u00e1 na linha de frente\u201d, ressaltou L\u00e9o.<br><\/p>\n","protected":false},"excerpt":{"rendered":"<p>Durante a sess\u00e3o desta ter\u00e7a-feira, 06, o deputado estadual L\u00e9o Barbosa (Solidariedade) solicitou ao Governo do Estado do Tocantins, por interm\u00e9dio da Secretaria da Sa\u00fade, que reforce a distribui\u00e7\u00e3o de equipamentos de prote\u00e7\u00e3o individual (EPIs) nos hospitais p\u00fablicos do Estado do Tocantins, especialmente o fornecimento de m\u00e1scaras de prote\u00e7\u00e3o facial do tipo N95 ou PFF2, [&hellip;]<\/p>\n","protected":false},"author":2,"featured_media":8099,"comment_status":"open","ping_status":"open","sticky":false,"template":"","format":"standard","meta":[],"categories":[8],"tags":[],"_links":{"self":[{"href":"https:\/\/dgospel.com.br\/portal\/index.php\/wp-json\/wp\/v2\/posts\/8098"}],"collection":[{"href":"https:\/\/dgospel.com.br\/portal\/index.php\/wp-json\/wp\/v2\/posts"}],"about":[{"href":"https:\/\/dgospel.com.br\/portal\/index.php\/wp-json\/wp\/v2\/types\/post"}],"author":[{"embeddable":true,"href":"https:\/\/dgospel.com.br\/portal\/index.php\/wp-json\/wp\/v2\/users\/2"}],"replies":[{"embeddable":true,"href":"https:\/\/dgospel.com.br\/portal\/index.php\/wp-json\/wp\/v2\/comments?post=8098"}],"version-history":[{"count":1,"href":"https:\/\/dgospel.com.br\/portal\/index.php\/wp-json\/wp\/v2\/posts\/8098\/revisions"}],"predecessor-version":[{"id":8100,"href":"https:\/\/dgospel.com.br\/portal\/index.php\/wp-json\/wp\/v2\/posts\/8098\/revisions\/8100"}],"wp:featuredmedia":[{"embeddable":true,"href":"https:\/\/dgospel.com.br\/portal\/index.php\/wp-json\/wp\/v2\/media\/8099"}],"wp:attachment":[{"href":"https:\/\/dgospel.com.br\/portal\/index.php\/wp-json\/wp\/v2\/media?parent=8098"}],"wp:term":[{"taxonomy":"category","embeddable":true,"href":"https:\/\/dgospel.com.br\/portal\/index.php\/wp-json\/wp\/v2\/categories?post=8098"},{"taxonomy":"post_tag","embeddable":true,"href":"https:\/\/dgospel.com.br\/portal\/index.php\/wp-json\/wp\/v2\/tags?post=8098"}],"curies":[{"name":"wp","href":"https:\/\/api.w.org\/{rel}","templated":true}]}}