{"id":81,"date":"2018-05-11T09:12:04","date_gmt":"2018-05-11T12:12:04","guid":{"rendered":"http:\/\/dgospel.com.br\/portal\/?p=81"},"modified":"2018-05-11T09:12:04","modified_gmt":"2018-05-11T12:12:04","slug":"entra-em-vigor-lei-que-proibe-consumo-de-bebida-no-transporte-publico-de-palmas","status":"publish","type":"post","link":"https:\/\/dgospel.com.br\/portal\/index.php\/2018\/05\/11\/entra-em-vigor-lei-que-proibe-consumo-de-bebida-no-transporte-publico-de-palmas\/","title":{"rendered":"Entra em vigor Lei que pro\u00edbe consumo de bebida no transporte p\u00fablico de Palmas"},"content":{"rendered":"<p>&nbsp;<\/p>\n<p>Prefeitura de Palmas sancionou uma nova lei que pro\u00edbe o consumo de bebidas alco\u00f3licas dentro de \u00f4nibus do transporte p\u00fablico na capital. A medida j\u00e1 est\u00e1 valendo e determina que os motoristas dos coletivos devem advertir os infratores sobre a proibi\u00e7\u00e3o. Caso o passageiro insista em beber dentro do ve\u00edculo, a Guarda Metropolitana ser\u00e1 chamada e a pessoa expulsa.<\/p>\n<p>N\u00e3o h\u00e1 previs\u00e3o de multa para quem descumprir a lei, a \u00fanica penalidade j\u00e1 determinada no texto \u00e9 a expuls\u00e3o.<\/p>\n<p>O projeto \u00e9 de autoria do vereador Marilon Barbosa (PSB) e foi assinado pela prefeita Cinthia Ribeiro (PSDB) nesta quinta-feira (10). A lei foi publicada no Di\u00e1rio Oficial da cidade.<\/p>\n<p>O texto determina que as empresas de transporte coletivo devem colocar avisos por escrito nos \u00f4nibus. Um dos artigos informa que a lei ainda ser\u00e1 regulamentada pela prefeitura, o que pode gerar mudan\u00e7as na forma de fiscaliza\u00e7\u00e3o e puni\u00e7\u00e3o dos infratores.<\/p>\n<p>Apesar de ser novidade no Tocantins, propostas semelhantes foram aprovadas em outros estados. No Rio de Janeiro,\u00a0<a href=\"http:\/\/g1.globo.com\/rio-de-janeiro\/noticia\/2013\/12\/lei-que-proibe-o-consumo-de-alcool-em-transportes-e-aprovada-no-rj.html\">uma lei estadual sobre o mesmo assunto foi aprovada em 2013.<\/a><\/p>\n<p>No Paran\u00e1, a C\u00e2mara dos Vereadores de Cascavel\u00a0<a href=\"http:\/\/g1.globo.com\/pr\/oeste-sudoeste\/noticia\/2014\/07\/lei-que-proibe-o-consumo-de-alcool-entra-em-vigor-no-mes-de-setembro.html\">aprovou medida semelhante em 2014, mas a decis\u00e3o foi contestada<\/a>\u00a0na Justi\u00e7a. J\u00e1 na Para\u00edba,\u00a0<a href=\"https:\/\/g1.globo.com\/pb\/paraiba\/noticia\/consumo-de-bebida-alcoolica-e-proibido-em-transportes-coletivos-na-pb.ghtml\">a proibi\u00e7\u00e3o atinge tamb\u00e9m os ve\u00edculos coletivos de aluguel, como \u00f4nibus fretados, por exemplo.<\/a><\/p>\n<p>Fonte:\u00a0G1 Tocantins<\/p>\n","protected":false},"excerpt":{"rendered":"<p>&nbsp; Prefeitura de Palmas sancionou uma nova lei que pro\u00edbe o consumo de bebidas alco\u00f3licas dentro de \u00f4nibus do transporte p\u00fablico na capital. A medida j\u00e1 est\u00e1 valendo e determina que os motoristas dos coletivos devem advertir os infratores sobre a proibi\u00e7\u00e3o. Caso o passageiro insista em beber dentro do ve\u00edculo, a Guarda Metropolitana ser\u00e1 [&hellip;]<\/p>\n","protected":false},"author":2,"featured_media":82,"comment_status":"open","ping_status":"open","sticky":false,"template":"","format":"standard","meta":[],"categories":[2,3],"tags":[],"_links":{"self":[{"href":"https:\/\/dgospel.com.br\/portal\/index.php\/wp-json\/wp\/v2\/posts\/81"}],"collection":[{"href":"https:\/\/dgospel.com.br\/portal\/index.php\/wp-json\/wp\/v2\/posts"}],"about":[{"href":"https:\/\/dgospel.com.br\/portal\/index.php\/wp-json\/wp\/v2\/types\/post"}],"author":[{"embeddable":true,"href":"https:\/\/dgospel.com.br\/portal\/index.php\/wp-json\/wp\/v2\/users\/2"}],"replies":[{"embeddable":true,"href":"https:\/\/dgospel.com.br\/portal\/index.php\/wp-json\/wp\/v2\/comments?post=81"}],"version-history":[{"count":1,"href":"https:\/\/dgospel.com.br\/portal\/index.php\/wp-json\/wp\/v2\/posts\/81\/revisions"}],"predecessor-version":[{"id":83,"href":"https:\/\/dgospel.com.br\/portal\/index.php\/wp-json\/wp\/v2\/posts\/81\/revisions\/83"}],"wp:featuredmedia":[{"embeddable":true,"href":"https:\/\/dgospel.com.br\/portal\/index.php\/wp-json\/wp\/v2\/media\/82"}],"wp:attachment":[{"href":"https:\/\/dgospel.com.br\/portal\/index.php\/wp-json\/wp\/v2\/media?parent=81"}],"wp:term":[{"taxonomy":"category","embeddable":true,"href":"https:\/\/dgospel.com.br\/portal\/index.php\/wp-json\/wp\/v2\/categories?post=81"},{"taxonomy":"post_tag","embeddable":true,"href":"https:\/\/dgospel.com.br\/portal\/index.php\/wp-json\/wp\/v2\/tags?post=81"}],"curies":[{"name":"wp","href":"https:\/\/api.w.org\/{rel}","templated":true}]}}