{"id":8101,"date":"2021-04-07T17:28:02","date_gmt":"2021-04-07T20:28:02","guid":{"rendered":"http:\/\/dgospel.com.br\/portal\/?p=8101"},"modified":"2021-04-07T17:28:03","modified_gmt":"2021-04-07T20:28:03","slug":"reuniao-analisa-inclusao-das-forcas-de-seguranca-no-grupo-prioritario-de-imunizacao-contra-a-covid-19","status":"publish","type":"post","link":"https:\/\/dgospel.com.br\/portal\/index.php\/2021\/04\/07\/reuniao-analisa-inclusao-das-forcas-de-seguranca-no-grupo-prioritario-de-imunizacao-contra-a-covid-19\/","title":{"rendered":"Reuni\u00e3o analisa inclus\u00e3o das for\u00e7as de seguran\u00e7a no grupo priorit\u00e1rio de imuniza\u00e7\u00e3o contra a Covid-19"},"content":{"rendered":"\n<p>O secret\u00e1rio de Estado da&nbsp;Sa\u00fade, Edgar Tollini, recebeu nesta quarta-feira, 7, representantes das for\u00e7as de seguran\u00e7a do Estado para tratar sobre a imuniza\u00e7\u00e3o da classe. Por ordem do governador do Tocantins, Mauro Carlesse, o grupo dever\u00e1 ser incluso no plano de imuniza\u00e7\u00e3o estadual como priorit\u00e1rio, visto que atua na linha de frente no combate \u00e0&nbsp;Covid-19, refor\u00e7ando a seguran\u00e7a e garantindo que as medidas preventivas contra o novo Coronav\u00edrus sejam cumpridas nos 139 munic\u00edpios.<\/p>\n\n\n\n<p>Segundo dados preliminares, o Tocantins contabiliza cerca de 9 mil servidores das for\u00e7as de seguran\u00e7a como Pol\u00edcia Militar (PMTO), Pol\u00edcia Civil, Pol\u00edcia Rodovi\u00e1ria Federal (PRF), Pol\u00edcia Federal (PF), Pol\u00edcia Penal, Corpo de Bombeiros (CBMTO) e For\u00e7as Armadas.<\/p>\n\n\n\n<p>Ainda em reuni\u00e3o, foi discutida a possibilidade de 50% deste quantitativo ser incluso na pr\u00f3xima etapa de imuniza\u00e7\u00e3o, sendo de responsabilidade dos \u00f3rg\u00e3os de seguran\u00e7a elaborar um planejamento quanto ao grupo inicial imunizado.&nbsp;Ao mesmo tempo, a Secretaria de Estado da Sa\u00fade&nbsp;ir\u00e1 planejar o redirecionamento dos imunizantes, com o Minist\u00e9rio da Sa\u00fade (MS) para esse grupo, sem preju\u00edzo aos demais grupos priorit\u00e1rios, j\u00e1 definidos anteriormente. O planejamento a ser apresentado pelas for\u00e7as de seguran\u00e7a dever\u00e1 ser analisado em outra reuni\u00e3o, que ocorrer\u00e1 na pr\u00f3xima segunda-feira, 12.<\/p>\n\n\n\n<p>Al\u00e9m dos representantes das for\u00e7as de seguran\u00e7a, estiveram presentes na reuni\u00e3o diretores da SES; o secret\u00e1rio da Seguran\u00e7a P\u00fablica, Cristiano Sampaio; al\u00e9m do chefe de gabinete do governador, Sebasti\u00e3o Albuquerque Cordeiro, que na ocasi\u00e3o representou o governador Mauro Carlesse.<\/p>\n","protected":false},"excerpt":{"rendered":"<p>O secret\u00e1rio de Estado da&nbsp;Sa\u00fade, Edgar Tollini, recebeu nesta quarta-feira, 7, representantes das for\u00e7as de seguran\u00e7a do Estado para tratar sobre a imuniza\u00e7\u00e3o da classe. Por ordem do governador do Tocantins, Mauro Carlesse, o grupo dever\u00e1 ser incluso no plano de imuniza\u00e7\u00e3o estadual como priorit\u00e1rio, visto que atua na linha de frente no combate \u00e0&nbsp;Covid-19, [&hellip;]<\/p>\n","protected":false},"author":2,"featured_media":8102,"comment_status":"open","ping_status":"open","sticky":false,"template":"","format":"standard","meta":[],"categories":[3],"tags":[13],"_links":{"self":[{"href":"https:\/\/dgospel.com.br\/portal\/index.php\/wp-json\/wp\/v2\/posts\/8101"}],"collection":[{"href":"https:\/\/dgospel.com.br\/portal\/index.php\/wp-json\/wp\/v2\/posts"}],"about":[{"href":"https:\/\/dgospel.com.br\/portal\/index.php\/wp-json\/wp\/v2\/types\/post"}],"author":[{"embeddable":true,"href":"https:\/\/dgospel.com.br\/portal\/index.php\/wp-json\/wp\/v2\/users\/2"}],"replies":[{"embeddable":true,"href":"https:\/\/dgospel.com.br\/portal\/index.php\/wp-json\/wp\/v2\/comments?post=8101"}],"version-history":[{"count":1,"href":"https:\/\/dgospel.com.br\/portal\/index.php\/wp-json\/wp\/v2\/posts\/8101\/revisions"}],"predecessor-version":[{"id":8103,"href":"https:\/\/dgospel.com.br\/portal\/index.php\/wp-json\/wp\/v2\/posts\/8101\/revisions\/8103"}],"wp:featuredmedia":[{"embeddable":true,"href":"https:\/\/dgospel.com.br\/portal\/index.php\/wp-json\/wp\/v2\/media\/8102"}],"wp:attachment":[{"href":"https:\/\/dgospel.com.br\/portal\/index.php\/wp-json\/wp\/v2\/media?parent=8101"}],"wp:term":[{"taxonomy":"category","embeddable":true,"href":"https:\/\/dgospel.com.br\/portal\/index.php\/wp-json\/wp\/v2\/categories?post=8101"},{"taxonomy":"post_tag","embeddable":true,"href":"https:\/\/dgospel.com.br\/portal\/index.php\/wp-json\/wp\/v2\/tags?post=8101"}],"curies":[{"name":"wp","href":"https:\/\/api.w.org\/{rel}","templated":true}]}}