{"id":8104,"date":"2021-04-07T19:24:12","date_gmt":"2021-04-07T22:24:12","guid":{"rendered":"http:\/\/dgospel.com.br\/portal\/?p=8104"},"modified":"2021-04-07T19:28:37","modified_gmt":"2021-04-07T22:28:37","slug":"no-stf-mendonca-cita-a-biblia-ao-defender-liberacao-de-cultos","status":"publish","type":"post","link":"https:\/\/dgospel.com.br\/portal\/index.php\/2021\/04\/07\/no-stf-mendonca-cita-a-biblia-ao-defender-liberacao-de-cultos\/","title":{"rendered":"No STF, Mendon\u00e7a cita a B\u00edblia ao defender libera\u00e7\u00e3o de cultos"},"content":{"rendered":"\n<p>O\nadvogado-geral da Uni\u00e3o (AGU) Andr\u00e9 Mendon\u00e7a citou tr\u00eas trechos da B\u00edblia ao se\nposicionar, nesta quarta-feira (7), em defesa da autoriza\u00e7\u00e3o para atividades\nreligiosas presenciais mesmo durante a pandemia.<\/p>\n\n\n\n<p>A AGU foi ouvida como entidade interessada\nem&nbsp;julgamento no plen\u00e1rio do Supremo Tribunal Federal (STF) e abordou o\ntema com base no argumento da liberdade de cren\u00e7a.<\/p>\n\n\n\n<p>Pastor presbiteriano e ex-ministro da\nJusti\u00e7a, Mendon\u00e7a foi descrito pelo presidente Jair Bolsonaro (sem partido)\ncomo&nbsp;\u201cterrivelmente evang\u00e9lico\u201d.<\/p>\n\n\n\n<p>O primeiro trecho da B\u00edblia citado por ele\ndurante sess\u00e3o do STF&nbsp;foi do livro Atos dos Ap\u00f3stolos, cap\u00edtulo 2.<\/p>\n\n\n\n<figure><iframe width=\"300\" height=\"250\"><\/iframe><\/figure>\n\n\n\n<p>\n\n\n\n\u201cRegistra-se ali, ap\u00f3s Jesus confiar ao ap\u00f3stolo Pedro ser a pedra fundamental\nda sua igreja, que os crist\u00e3os, no cap\u00edtulo 2, diariamente perseveravam no\ntemplo, partiam o p\u00e3o de casa em casa, tomavam suas refei\u00e7\u00f5es em conjunto,\nlouvando a Deus e contando com a simpatia do povo\u201d, disse Mendon\u00e7a.<\/p>\n\n\n\n<p>Em seguida, emendou o cap\u00edtulo 5, lembrando\ncrist\u00e3os que eram \u201crecolhidos \u00e0 pris\u00e3o\u201d&nbsp;\u2013 criticando o impedimento dos\ncultos presenciais por prefeitos e governadores.<\/p>\n\n\n\n<p>Por fim, o AGU citou&nbsp;o evangelho de\nMateus: \u201cJesus Cristo, conforme relata S\u00e3o Mateus, disse: \u2018Por onde estiverem\ndois ou tr\u00eas reunidos em meu nome, a\u00ed estarei em nome deles\u2019.\u201d<\/p>\n\n\n\n<p>A Constitui\u00e7\u00e3o Federal de 1988 foi citada\napenas tangencialmente, sem mencionar trechos espec\u00edficos. Andr\u00e9 Mendon\u00e7a disse\nque as medidas de fechamento de templos s\u00e3o autorit\u00e1rias e arbitr\u00e1rias, e que,\nao faz\u00ea-lo, os governantes estariam \u201crasgando a Constitui\u00e7\u00e3o\u201d.<\/p>\n\n\n\n<p>\u201cDeus tenha piedade de n\u00f3s\u201d, concluiu o AGU.<\/p>\n\n\n\n<p>Segundo pastores ouvidos esta semana\npelo&nbsp;Brasil de Fato, todo rito lit\u00fargico pode ser feito de forma remota,\nonline, sem nenhum preju\u00edzo \u00e0 comunh\u00e3o ou \u00e0 pr\u00e1tica religiosa. A prioridade,\nsegundo os entrevistados, deveria ser a defesa da vida.<\/p>\n\n\n\n<p>O Brasil \u00e9 um Estado laico, segundo sua\nlegisla\u00e7\u00e3o, desde 1890, quando se consolidou a separa\u00e7\u00e3o entre Estado e Igreja\nCat\u00f3lica.<\/p>\n\n\n\n<p>O julgamento foi a plen\u00e1rio depois de uma\ndecis\u00e3o liminar&nbsp;do ministro Kassio Nunes, na semana passada, que proibiu\nprefeitos e governadores de vetarem a realiza\u00e7\u00e3o de cultos presenciais.\nA&nbsp;liminar foi derrubada, na segunda-feira (5), por Gilmar Mendes, que se\nbaseou em uma decis\u00e3o de 2020 do STF que atribuiu aos estados e munic\u00edpios a\nedi\u00e7\u00e3o de medidas restritivas para prevenir a dissemina\u00e7\u00e3o do coronav\u00edrus.<\/p>\n","protected":false},"excerpt":{"rendered":"<p>O advogado-geral da Uni\u00e3o (AGU) Andr\u00e9 Mendon\u00e7a citou tr\u00eas trechos da B\u00edblia ao se posicionar, nesta quarta-feira (7), em defesa da autoriza\u00e7\u00e3o para atividades religiosas presenciais mesmo durante a pandemia. A AGU foi ouvida como entidade interessada em&nbsp;julgamento no plen\u00e1rio do Supremo Tribunal Federal (STF) e abordou o tema com base no argumento da liberdade [&hellip;]<\/p>\n","protected":false},"author":2,"featured_media":8105,"comment_status":"open","ping_status":"open","sticky":false,"template":"","format":"standard","meta":[],"categories":[4],"tags":[14],"_links":{"self":[{"href":"https:\/\/dgospel.com.br\/portal\/index.php\/wp-json\/wp\/v2\/posts\/8104"}],"collection":[{"href":"https:\/\/dgospel.com.br\/portal\/index.php\/wp-json\/wp\/v2\/posts"}],"about":[{"href":"https:\/\/dgospel.com.br\/portal\/index.php\/wp-json\/wp\/v2\/types\/post"}],"author":[{"embeddable":true,"href":"https:\/\/dgospel.com.br\/portal\/index.php\/wp-json\/wp\/v2\/users\/2"}],"replies":[{"embeddable":true,"href":"https:\/\/dgospel.com.br\/portal\/index.php\/wp-json\/wp\/v2\/comments?post=8104"}],"version-history":[{"count":2,"href":"https:\/\/dgospel.com.br\/portal\/index.php\/wp-json\/wp\/v2\/posts\/8104\/revisions"}],"predecessor-version":[{"id":8107,"href":"https:\/\/dgospel.com.br\/portal\/index.php\/wp-json\/wp\/v2\/posts\/8104\/revisions\/8107"}],"wp:featuredmedia":[{"embeddable":true,"href":"https:\/\/dgospel.com.br\/portal\/index.php\/wp-json\/wp\/v2\/media\/8105"}],"wp:attachment":[{"href":"https:\/\/dgospel.com.br\/portal\/index.php\/wp-json\/wp\/v2\/media?parent=8104"}],"wp:term":[{"taxonomy":"category","embeddable":true,"href":"https:\/\/dgospel.com.br\/portal\/index.php\/wp-json\/wp\/v2\/categories?post=8104"},{"taxonomy":"post_tag","embeddable":true,"href":"https:\/\/dgospel.com.br\/portal\/index.php\/wp-json\/wp\/v2\/tags?post=8104"}],"curies":[{"name":"wp","href":"https:\/\/api.w.org\/{rel}","templated":true}]}}