{"id":8111,"date":"2021-04-07T19:57:05","date_gmt":"2021-04-07T22:57:05","guid":{"rendered":"http:\/\/dgospel.com.br\/portal\/?p=8111"},"modified":"2021-04-07T19:57:07","modified_gmt":"2021-04-07T22:57:07","slug":"fux-rebate-advogado-que-citou-trecho-da-biblia-no-stf","status":"publish","type":"post","link":"https:\/\/dgospel.com.br\/portal\/index.php\/2021\/04\/07\/fux-rebate-advogado-que-citou-trecho-da-biblia-no-stf\/","title":{"rendered":"Fux rebate advogado que citou trecho da B\u00edblia no STF"},"content":{"rendered":"\n<p>Nesta quarta-feira (7), o plen\u00e1rio do Supremo Tribunal Federal (STF) decide sobre a libera\u00e7\u00e3o de celebra\u00e7\u00f5es religiosas presenciais durante a pandemia de Covid-19. E durante o julgamento, o presidente da Corte, Luiz Fux, \u2018rebateu\u2019 uma declara\u00e7\u00e3o feita por um advogado do PTB em que citou a B\u00edblia.<\/p>\n\n\n\n<p>Em sua fala, o advogado Luiz Gustavo Pereira da Cunha citou um trecho e o direcionou aos ministros da Corte.<\/p>\n\n\n\n<p>\u2013 Para aqueles que hoje votar\u00e3o pelo fechamento da casa do Senhor, cito Lucas 23, vers\u00edculo 34: Ent\u00e3o ele ergue seus olhos para o c\u00e9u e disse: Pai, perdoa-lhe, porque eles n\u00e3o sabem o que fazem \u2013 disse.<\/p>\n\n\n\n<p>Fux, no entanto, rebateu a fala.<\/p>\n\n\n\n<p>\u2013 \u00c9 preciso, em nome da Corte, repugnar, movido por um sentimento \u00e9tico, a fala do advogado que dirigiu-se \u00e0 Corte invocando a declara\u00e7\u00e3o de Jesus em Lucas 23-24 perdoai-os, Senhor, eles n\u00e3o sabem o que fazem. Essa miseric\u00f3rdia divina \u00e9 destinada aos destinat\u00e1rios que se omitem diante dos males, e o STF, ao rev\u00e9s, n\u00e3o se omitiu, foi pronto e c\u00e9lere numa demanda que se iniciou h\u00e1 poucos dias atr\u00e1s \u2013 afirmou o presidente da Corte.<\/p>\n\n\n\n<p>Ele disse ainda que a miss\u00e3o do Supremo \u00e9 \u201clutar pela vida e pela esperan\u00e7a\u201d.<\/p>\n\n\n\n<p>\u2013 Esta \u00e9 uma mat\u00e9ria que nos imp\u00f5e uma escolha tr\u00e1gica e que n\u00f3s temos responsabilidade suficiente para enfrent\u00e1-la, nossa miss\u00e3o de ju\u00edzes constitucionais al\u00e9m de guardar a Constitui\u00e7\u00e3o, \u00e9 de lutar pela vida e pela esperan\u00e7a, e foi com essa prontid\u00e3o que a Corte se revelou, na medida em que estamos vigilantes na defesa da humanidade. De sorte que eu repugno esta invoca\u00e7\u00e3o graciosa da li\u00e7\u00e3o de Jesus \u2013 ressaltou.<\/p>\n\n\n\n<p>O caso entrou em discuss\u00e3o no STF ap\u00f3s decis\u00e3o do ministro Kassio Nunes Marques, que decidiu pela libera\u00e7\u00e3o de missas e cultos presenciais no s\u00e1bado (3).<\/p>\n\n\n\n<p>Diante da decis\u00e3o, o ministro Gilmar Mendes analisou outra a\u00e7\u00e3o e proibiu as celebra\u00e7\u00f5es religiosas em S\u00e3o Paulo. Al\u00e9m disso, ele enviou o caso para o plen\u00e1rio, que come\u00e7ou o julgamento nesta quarta.<\/p>\n","protected":false},"excerpt":{"rendered":"<p>Nesta quarta-feira (7), o plen\u00e1rio do Supremo Tribunal Federal (STF) decide sobre a libera\u00e7\u00e3o de celebra\u00e7\u00f5es religiosas presenciais durante a pandemia de Covid-19. E durante o julgamento, o presidente da Corte, Luiz Fux, \u2018rebateu\u2019 uma declara\u00e7\u00e3o feita por um advogado do PTB em que citou a B\u00edblia. Em sua fala, o advogado Luiz Gustavo Pereira [&hellip;]<\/p>\n","protected":false},"author":2,"featured_media":8112,"comment_status":"open","ping_status":"open","sticky":false,"template":"","format":"standard","meta":[],"categories":[4],"tags":[],"_links":{"self":[{"href":"https:\/\/dgospel.com.br\/portal\/index.php\/wp-json\/wp\/v2\/posts\/8111"}],"collection":[{"href":"https:\/\/dgospel.com.br\/portal\/index.php\/wp-json\/wp\/v2\/posts"}],"about":[{"href":"https:\/\/dgospel.com.br\/portal\/index.php\/wp-json\/wp\/v2\/types\/post"}],"author":[{"embeddable":true,"href":"https:\/\/dgospel.com.br\/portal\/index.php\/wp-json\/wp\/v2\/users\/2"}],"replies":[{"embeddable":true,"href":"https:\/\/dgospel.com.br\/portal\/index.php\/wp-json\/wp\/v2\/comments?post=8111"}],"version-history":[{"count":1,"href":"https:\/\/dgospel.com.br\/portal\/index.php\/wp-json\/wp\/v2\/posts\/8111\/revisions"}],"predecessor-version":[{"id":8113,"href":"https:\/\/dgospel.com.br\/portal\/index.php\/wp-json\/wp\/v2\/posts\/8111\/revisions\/8113"}],"wp:featuredmedia":[{"embeddable":true,"href":"https:\/\/dgospel.com.br\/portal\/index.php\/wp-json\/wp\/v2\/media\/8112"}],"wp:attachment":[{"href":"https:\/\/dgospel.com.br\/portal\/index.php\/wp-json\/wp\/v2\/media?parent=8111"}],"wp:term":[{"taxonomy":"category","embeddable":true,"href":"https:\/\/dgospel.com.br\/portal\/index.php\/wp-json\/wp\/v2\/categories?post=8111"},{"taxonomy":"post_tag","embeddable":true,"href":"https:\/\/dgospel.com.br\/portal\/index.php\/wp-json\/wp\/v2\/tags?post=8111"}],"curies":[{"name":"wp","href":"https:\/\/api.w.org\/{rel}","templated":true}]}}