{"id":8138,"date":"2021-04-10T09:03:21","date_gmt":"2021-04-10T12:03:21","guid":{"rendered":"http:\/\/dgospel.com.br\/portal\/?p=8138"},"modified":"2021-04-10T09:03:22","modified_gmt":"2021-04-10T12:03:22","slug":"general-diz-a-bolsonaro-que-e-chegado-o-momento-da-decisao","status":"publish","type":"post","link":"https:\/\/dgospel.com.br\/portal\/index.php\/2021\/04\/10\/general-diz-a-bolsonaro-que-e-chegado-o-momento-da-decisao\/","title":{"rendered":"General diz a Bolsonaro que \u201c\u00e9 chegado o momento da decis\u00e3o\u201d"},"content":{"rendered":"\n<p> O general Eli\u00e9ser Gir\u00e3o Monteiro Filho, que tamb\u00e9m \u00e9 deputado federal pelo Partido Social Liberal (PSL) do Rio Grande do Norte, usou as redes sociais para enviar uma clara mensagem de apoio ao presidente Jair Bolsonaro. General Gir\u00e3o, como \u00e9 conhecido, usou termos comuns a militares e disse que \u201c\u00e9 chegado o momento da decis\u00e3o\u201d. <\/p>\n\n\n\n<p> \u2013 Com os devidos cumprimentos, entregamos ao Presidente Jair Bolsonaro o s\u00edmbolo maior da nossa trajet\u00f3ria Militar e Pol\u00edtica: A Hora da On\u00e7a Beber \u00c1gua. \u00c9 chegado o momento da decis\u00e3o. Com isso, reafirmo meu compromisso e lealdade ao nosso capit\u00e3o! #ConteComigoBolsonaro \u2013 escreveu o parlamentar, ao lado de uma foto com o presidente. <\/p>\n\n\n\n<p>A declara\u00e7\u00e3o foi feita na tarde desta sexta-feira (9), ap\u00f3s encontro entre o deputado e Bolsonaro para a entrega do s\u00edmbolo militar.<\/p>\n\n\n\n<p>Em uma outra declara\u00e7\u00e3o nas redes sociais, desta vez acompanhada de um v\u00eddeo em que Bolsonaro faz duras cr\u00edticas ao ministro Lu\u00eds Roberto Barroso, o general Gir\u00e3o denuncia a interfer\u00eancia do STF contra o presidente.<\/p>\n\n\n\n<p>\u2013 A interfer\u00eancia nos poderes \u00e9 t\u00e3o gritante que o STF MANDA abrir uma CPI. N\u00e3o \u00e9 contra os desvios de recursos federais nos estados, \u00e9 contra Jair Bolsonaro. \u201cSe o Barroso tiver moral, ordene ao Senado a abertura do processo de impeachment dos ministros do STF\u201d \u2013 finalizou Gir\u00e3o, citando a declara\u00e7\u00e3o dada por Bolsonaro no v\u00eddeo.<\/p>\n","protected":false},"excerpt":{"rendered":"<p>O general Eli\u00e9ser Gir\u00e3o Monteiro Filho, que tamb\u00e9m \u00e9 deputado federal pelo Partido Social Liberal (PSL) do Rio Grande do Norte, usou as redes sociais para enviar uma clara mensagem de apoio ao presidente Jair Bolsonaro. General Gir\u00e3o, como \u00e9 conhecido, usou termos comuns a militares e disse que \u201c\u00e9 chegado o momento da decis\u00e3o\u201d. [&hellip;]<\/p>\n","protected":false},"author":2,"featured_media":8139,"comment_status":"open","ping_status":"open","sticky":false,"template":"","format":"standard","meta":[],"categories":[4],"tags":[13,14],"_links":{"self":[{"href":"https:\/\/dgospel.com.br\/portal\/index.php\/wp-json\/wp\/v2\/posts\/8138"}],"collection":[{"href":"https:\/\/dgospel.com.br\/portal\/index.php\/wp-json\/wp\/v2\/posts"}],"about":[{"href":"https:\/\/dgospel.com.br\/portal\/index.php\/wp-json\/wp\/v2\/types\/post"}],"author":[{"embeddable":true,"href":"https:\/\/dgospel.com.br\/portal\/index.php\/wp-json\/wp\/v2\/users\/2"}],"replies":[{"embeddable":true,"href":"https:\/\/dgospel.com.br\/portal\/index.php\/wp-json\/wp\/v2\/comments?post=8138"}],"version-history":[{"count":1,"href":"https:\/\/dgospel.com.br\/portal\/index.php\/wp-json\/wp\/v2\/posts\/8138\/revisions"}],"predecessor-version":[{"id":8140,"href":"https:\/\/dgospel.com.br\/portal\/index.php\/wp-json\/wp\/v2\/posts\/8138\/revisions\/8140"}],"wp:featuredmedia":[{"embeddable":true,"href":"https:\/\/dgospel.com.br\/portal\/index.php\/wp-json\/wp\/v2\/media\/8139"}],"wp:attachment":[{"href":"https:\/\/dgospel.com.br\/portal\/index.php\/wp-json\/wp\/v2\/media?parent=8138"}],"wp:term":[{"taxonomy":"category","embeddable":true,"href":"https:\/\/dgospel.com.br\/portal\/index.php\/wp-json\/wp\/v2\/categories?post=8138"},{"taxonomy":"post_tag","embeddable":true,"href":"https:\/\/dgospel.com.br\/portal\/index.php\/wp-json\/wp\/v2\/tags?post=8138"}],"curies":[{"name":"wp","href":"https:\/\/api.w.org\/{rel}","templated":true}]}}