{"id":8144,"date":"2021-04-10T09:15:02","date_gmt":"2021-04-10T12:15:02","guid":{"rendered":"http:\/\/dgospel.com.br\/portal\/?p=8144"},"modified":"2021-04-10T09:15:04","modified_gmt":"2021-04-10T12:15:04","slug":"presidente-da-camara-critica-a-abertura-da-cpi-da-covid","status":"publish","type":"post","link":"https:\/\/dgospel.com.br\/portal\/index.php\/2021\/04\/10\/presidente-da-camara-critica-a-abertura-da-cpi-da-covid\/","title":{"rendered":"Presidente da C\u00e2mara critica a abertura da CPI da Covid"},"content":{"rendered":"\n<p> O presidente da C\u00e2mara, Arthur Lira (PP-AL), criticou a cria\u00e7\u00e3o de uma Comiss\u00e3o Parlamentar de Inqu\u00e9rito (CPI) para apurar a condu\u00e7\u00e3o do governo durante a pandemia. Em um evento da Companhia de Desenvolvimento dos Vales do S\u00e3o Francisco e do Parna\u00edba (Codevasf), na cidade de Arapiraca, em Alagoas, Lira afirmou n\u00e3o ser esse o momento de \u201capontar o dedo para ningu\u00e9m\u201d <\/p>\n\n\n\n<p> \u2013 A CPI n\u00e3o nasce \u00e0 toa. Tem de ter um fato determinado e tem de ter as assinaturas. E ela tem de ter a ocasionalidade. Eu comungo da ideia de que esse momento n\u00e3o \u00e9 momento de se encontrar culpados, de se apontar o dedo para ningu\u00e9m \u2013 disse Lira a jornalistas no evento. <\/p>\n\n\n\n<p>O governo do presidente Jair Bolsonaro age para conter \u201cdanos\u201d com a CPI da Covid no Senado, que teve sua instala\u00e7\u00e3o determinada pelo Supremo Tribunal Federal (STF) nesta quinta-feira (8). Uma das estrat\u00e9gias, segundo o Estad\u00e3o ouviu de aliados do Pal\u00e1cio do Planalto, ser\u00e1 convencer senadores a retirar assinaturas de apoio ao funcionamento da comiss\u00e3o, o que pode inviabiliz\u00e1-la.<\/p>\n\n\n\n<p>Na campanha \u00e0 presid\u00eancia da C\u00e2mara, Lira j\u00e1 havia se manifestado contra a abertura de um CPI que tenha o governo como foco.<\/p>\n\n\n\n<p>\u2013 Esse assunto n\u00e3o pode ser motivo de embates pol\u00edticos para trazermos para a discuss\u00e3o traumas, interrup\u00e7\u00f5es bruscas democr\u00e1ticas \u2013 disse Lira ainda em janeiro, quando era o candidato apoiado pelo Pal\u00e1cio do Planalto para substituir Rodrigo Maia (DEM-RJ).<\/p>\n\n\n\n<p>No evento desta sexta-feira (9), em seu estado, Lira justificou a posi\u00e7\u00e3o contr\u00e1ria \u00e0 CPI dizendo que o momento \u00e9 de imunizar a popula\u00e7\u00e3o.<\/p>\n\n\n\n<p>\u2013 O momento \u00e9 de se correr atr\u00e1s de vacina seja l\u00e1 onde ela estiver e apontar seringa e agulha no bra\u00e7o dos brasileiros. Esse \u00e9 o momento. Daqui a dois, tr\u00eas meses, esses culpados v\u00e3o estar morando em outro lugar, v\u00e3o estar apagadas as provas? V\u00e3o estar escondidas as evid\u00eancias? N\u00e3o \u2013 disse.<\/p>\n\n\n\n<p>Lira voltou a dizer que a pandemia n\u00e3o deve ser politizada.<\/p>\n\n\n\n<p>\u2013 Eu n\u00e3o estou com isso dizendo que quem errou n\u00e3o pague. Quem errou vai pagar. O pre\u00e7o de 300 mil vidas \u00e9 muito alto para qualquer sociedade. Mas n\u00e3o neste momento e n\u00e3o desta maneira \u2013 disse.<\/p>\n\n\n\n<p>Barroso determinou que o Senado instale uma CPI para investigar a\u00e7\u00f5es e omiss\u00f5es da gest\u00e3o Bolsonaro no combate \u00e0 pandemia. O presidente do Senado, Rodrigo Pacheco (DEM-MG), criticou a decis\u00e3o, mas afirmou que vai obedecer a determina\u00e7\u00e3o e ler o requerimento de instala\u00e7\u00e3o da CPI na semana que vem.<\/p>\n\n\n\n<p>\u2013 A decis\u00e3o de mandar instalar foi do ministro do Supremo Tribunal Federal. E o presidente do Senado foi bastante equilibrado. Decis\u00e3o judicial voc\u00ea n\u00e3o discute, voc\u00ea cumpre. Agora voc\u00ea pode concordar ou n\u00e3o, mas cumpre \u2013 disse Lira.<\/p>\n\n\n\n<p>*Estad\u00e3o<br><\/p>\n\n\n\n<p><\/p>\n","protected":false},"excerpt":{"rendered":"<p>O presidente da C\u00e2mara, Arthur Lira (PP-AL), criticou a cria\u00e7\u00e3o de uma Comiss\u00e3o Parlamentar de Inqu\u00e9rito (CPI) para apurar a condu\u00e7\u00e3o do governo durante a pandemia. Em um evento da Companhia de Desenvolvimento dos Vales do S\u00e3o Francisco e do Parna\u00edba (Codevasf), na cidade de Arapiraca, em Alagoas, Lira afirmou n\u00e3o ser esse o momento [&hellip;]<\/p>\n","protected":false},"author":2,"featured_media":8145,"comment_status":"open","ping_status":"open","sticky":false,"template":"","format":"standard","meta":[],"categories":[4],"tags":[14],"_links":{"self":[{"href":"https:\/\/dgospel.com.br\/portal\/index.php\/wp-json\/wp\/v2\/posts\/8144"}],"collection":[{"href":"https:\/\/dgospel.com.br\/portal\/index.php\/wp-json\/wp\/v2\/posts"}],"about":[{"href":"https:\/\/dgospel.com.br\/portal\/index.php\/wp-json\/wp\/v2\/types\/post"}],"author":[{"embeddable":true,"href":"https:\/\/dgospel.com.br\/portal\/index.php\/wp-json\/wp\/v2\/users\/2"}],"replies":[{"embeddable":true,"href":"https:\/\/dgospel.com.br\/portal\/index.php\/wp-json\/wp\/v2\/comments?post=8144"}],"version-history":[{"count":1,"href":"https:\/\/dgospel.com.br\/portal\/index.php\/wp-json\/wp\/v2\/posts\/8144\/revisions"}],"predecessor-version":[{"id":8146,"href":"https:\/\/dgospel.com.br\/portal\/index.php\/wp-json\/wp\/v2\/posts\/8144\/revisions\/8146"}],"wp:featuredmedia":[{"embeddable":true,"href":"https:\/\/dgospel.com.br\/portal\/index.php\/wp-json\/wp\/v2\/media\/8145"}],"wp:attachment":[{"href":"https:\/\/dgospel.com.br\/portal\/index.php\/wp-json\/wp\/v2\/media?parent=8144"}],"wp:term":[{"taxonomy":"category","embeddable":true,"href":"https:\/\/dgospel.com.br\/portal\/index.php\/wp-json\/wp\/v2\/categories?post=8144"},{"taxonomy":"post_tag","embeddable":true,"href":"https:\/\/dgospel.com.br\/portal\/index.php\/wp-json\/wp\/v2\/tags?post=8144"}],"curies":[{"name":"wp","href":"https:\/\/api.w.org\/{rel}","templated":true}]}}