{"id":8147,"date":"2021-04-10T09:42:11","date_gmt":"2021-04-10T12:42:11","guid":{"rendered":"http:\/\/dgospel.com.br\/portal\/?p=8147"},"modified":"2021-04-10T09:42:12","modified_gmt":"2021-04-10T12:42:12","slug":"fiocruz-deve-entregar-vacina-100-nacional-a-partir-de-setembro","status":"publish","type":"post","link":"https:\/\/dgospel.com.br\/portal\/index.php\/2021\/04\/10\/fiocruz-deve-entregar-vacina-100-nacional-a-partir-de-setembro\/","title":{"rendered":"Fiocruz deve entregar vacina 100% nacional a partir de setembro"},"content":{"rendered":"\n<p>Em pouco mais de quatro meses, a Fiocruz (Funda\u00e7\u00e3o Oswaldo Cruz) n\u00e3o precisar\u00e1 mais depender da importa\u00e7\u00e3o de IFA (ingrediente farmac\u00eautico ativo) para produzir vacinas contra covid-19.<\/p>\n\n\n\n<p>O an\u00fancio foi feito nesta sexta-feira (9) pelo ministro da Sa\u00fade, Marcelo Queiroga, ao lado da presidente da Fiocruz, N\u00edsia Trindade.<\/p>\n\n\n\n<p>&#8220;Hoje eu vi aqui a produ\u00e7\u00e3o do IFA nacional. Em breve, acredito que no m\u00eas de agosto, j\u00e1 tenhamos IFA produzido na Fiocruz. Isso representa uma conquista excepcional, a autonomia do Brasil na produ\u00e7\u00e3o de IFA, dispensa a necessidade de importa\u00e7\u00e3o desse insumo para que a Fiocruz possa produzir vacinas&#8221;, afirmou o ministro.<\/p>\n\n\n\n<p>Embora j\u00e1 haja produ\u00e7\u00e3o da mat\u00e9ria-prima da vacina, a Fiocruz ainda n\u00e3o tem condi\u00e7\u00f5es de fornecer imunizantes 100% nacionais ao Minist\u00e9rio da Sa\u00fade, salientou N\u00edsia.<\/p>\n\n\n\n<p>&#8220;Vamos j\u00e1 estar com a nossa planta, certamente, certificada em maio para essa parte de produ\u00e7\u00e3o. Mas do IFA at\u00e9 as doses chegarem ao programa, ser\u00e1 todo todo um percurso de valida\u00e7\u00f5es pela Anvisa [Ag\u00eancia Nacional de Vigil\u00e2ncia Sanit\u00e1ria]. Ent\u00e3o, essas doses, n\u00f3s esperamos que j\u00e1 estejam no Programa Nacional de Imuniza\u00e7\u00f5es a partir de setembro, essas com IFA nacional.&#8221;<\/p>\n\n\n\n<p>At\u00e9 l\u00e1, a Fiocruz depende da chegada de IFA de uma f\u00e1brica parceira da AstraZeneca na China, a WuXi Biologics. No entanto, as remessas vindas da \u00c1sia t\u00eam sofrido atrasos, o que compromete o cronograma brasileiro.<\/p>\n\n\n\n<p>Ainda haver\u00e1 necessidade de uma altera\u00e7\u00e3o no registro junto \u00e0 Anvisa para incluir a planta da Fiocruz como fabricante de ingrediente farmac\u00eautico ativo.<\/p>\n\n\n\n<p>Mesmo com IFA importado, a entidade mant\u00e9m o cronograma de entregar 100,4 milh\u00f5es de doses de vacinas ao Minist\u00e9rio da Sa\u00fade at\u00e9 julho.<\/p>\n","protected":false},"excerpt":{"rendered":"<p>Em pouco mais de quatro meses, a Fiocruz (Funda\u00e7\u00e3o Oswaldo Cruz) n\u00e3o precisar\u00e1 mais depender da importa\u00e7\u00e3o de IFA (ingrediente farmac\u00eautico ativo) para produzir vacinas contra covid-19. O an\u00fancio foi feito nesta sexta-feira (9) pelo ministro da Sa\u00fade, Marcelo Queiroga, ao lado da presidente da Fiocruz, N\u00edsia Trindade. &#8220;Hoje eu vi aqui a produ\u00e7\u00e3o do [&hellip;]<\/p>\n","protected":false},"author":2,"featured_media":8148,"comment_status":"open","ping_status":"open","sticky":false,"template":"","format":"standard","meta":[],"categories":[4],"tags":[13],"_links":{"self":[{"href":"https:\/\/dgospel.com.br\/portal\/index.php\/wp-json\/wp\/v2\/posts\/8147"}],"collection":[{"href":"https:\/\/dgospel.com.br\/portal\/index.php\/wp-json\/wp\/v2\/posts"}],"about":[{"href":"https:\/\/dgospel.com.br\/portal\/index.php\/wp-json\/wp\/v2\/types\/post"}],"author":[{"embeddable":true,"href":"https:\/\/dgospel.com.br\/portal\/index.php\/wp-json\/wp\/v2\/users\/2"}],"replies":[{"embeddable":true,"href":"https:\/\/dgospel.com.br\/portal\/index.php\/wp-json\/wp\/v2\/comments?post=8147"}],"version-history":[{"count":1,"href":"https:\/\/dgospel.com.br\/portal\/index.php\/wp-json\/wp\/v2\/posts\/8147\/revisions"}],"predecessor-version":[{"id":8149,"href":"https:\/\/dgospel.com.br\/portal\/index.php\/wp-json\/wp\/v2\/posts\/8147\/revisions\/8149"}],"wp:featuredmedia":[{"embeddable":true,"href":"https:\/\/dgospel.com.br\/portal\/index.php\/wp-json\/wp\/v2\/media\/8148"}],"wp:attachment":[{"href":"https:\/\/dgospel.com.br\/portal\/index.php\/wp-json\/wp\/v2\/media?parent=8147"}],"wp:term":[{"taxonomy":"category","embeddable":true,"href":"https:\/\/dgospel.com.br\/portal\/index.php\/wp-json\/wp\/v2\/categories?post=8147"},{"taxonomy":"post_tag","embeddable":true,"href":"https:\/\/dgospel.com.br\/portal\/index.php\/wp-json\/wp\/v2\/tags?post=8147"}],"curies":[{"name":"wp","href":"https:\/\/api.w.org\/{rel}","templated":true}]}}