{"id":8150,"date":"2021-04-12T16:05:50","date_gmt":"2021-04-12T19:05:50","guid":{"rendered":"http:\/\/dgospel.com.br\/portal\/?p=8150"},"modified":"2021-04-12T16:05:52","modified_gmt":"2021-04-12T19:05:52","slug":"presidente-jair-bolsonaro-avisa-a-populacao-para-se-preparar","status":"publish","type":"post","link":"https:\/\/dgospel.com.br\/portal\/index.php\/2021\/04\/12\/presidente-jair-bolsonaro-avisa-a-populacao-para-se-preparar\/","title":{"rendered":"Presidente Jair Bolsonaro avisa a popula\u00e7\u00e3o para \u201cse preparar\u201d"},"content":{"rendered":"\n<p> O presidente Jair Bolsonaro utilizou as redes sociais, nesta segunda-feira (12), para fazer um alerta ao seus seguidores. Em um v\u00eddeo publicado no Facebook, ele pediu uni\u00e3o, criticou as medidas de lockdown, defendeu a liberdade avisou aos apoiadores para se preparem. <\/p>\n\n\n\n<p> A manifesta\u00e7\u00e3o foi feita ao compartilhar um v\u00eddeo defendendo a liberdade da popula\u00e7\u00e3o brasileira. <\/p>\n\n\n\n<p>\u2013 Nos momentos dif\u00edceis deve-se unir for\u00e7as, nunca ofender exatamente aquele que pode ser decisivo nesse salvamento. Se a facada tivesse sido fatal, hoje voc\u00ea teria como Presidente Haddad ou Ciro. Sua liberdade, certamente, n\u00e3o mais existiria. N\u00e3o desagregue, some, acredite (\u2026) Conven\u00e7a aqueles que est\u00e3o ao seu lado a defender a Constitui\u00e7\u00e3o, em especial seu art. 5\u00b0, a nossa Bandeira verde e amarela \u2013 afirmou.<\/p>\n\n\n\n<p>O presidente ent\u00e3o lembrou que a popula\u00e7\u00e3o do pa\u00eds est\u00e1 passando por cada vez mais dificuldades.<\/p>\n\n\n\n<p>\u2013 Hoje voc\u00ea est\u00e1 tendo uma amostra do que \u00e9 o comunismo e quem s\u00e3o os prot\u00f3tipos de ditadores, aqueles que decretam proibi\u00e7\u00e3o de cultos, toque de recolher, expropria\u00e7\u00e3o de im\u00f3veis, restri\u00e7\u00f5es a deslocamentos, etc (\u2026) Cada vez mais a popula\u00e7\u00e3o est\u00e1 ficando sem emprego, renda e meios de sobreviv\u00eancia. o caos bate na porta dos brasileiros. Pergunte o que cada um de n\u00f3s poder\u00e1 fazer pelo Brasil e sua liberdade e (\u2026) prepare-se \u2013 concluiu.<\/p>\n","protected":false},"excerpt":{"rendered":"<p>O presidente Jair Bolsonaro utilizou as redes sociais, nesta segunda-feira (12), para fazer um alerta ao seus seguidores. Em um v\u00eddeo publicado no Facebook, ele pediu uni\u00e3o, criticou as medidas de lockdown, defendeu a liberdade avisou aos apoiadores para se preparem. A manifesta\u00e7\u00e3o foi feita ao compartilhar um v\u00eddeo defendendo a liberdade da popula\u00e7\u00e3o brasileira. [&hellip;]<\/p>\n","protected":false},"author":2,"featured_media":8151,"comment_status":"open","ping_status":"open","sticky":false,"template":"","format":"standard","meta":[],"categories":[4],"tags":[13,14],"_links":{"self":[{"href":"https:\/\/dgospel.com.br\/portal\/index.php\/wp-json\/wp\/v2\/posts\/8150"}],"collection":[{"href":"https:\/\/dgospel.com.br\/portal\/index.php\/wp-json\/wp\/v2\/posts"}],"about":[{"href":"https:\/\/dgospel.com.br\/portal\/index.php\/wp-json\/wp\/v2\/types\/post"}],"author":[{"embeddable":true,"href":"https:\/\/dgospel.com.br\/portal\/index.php\/wp-json\/wp\/v2\/users\/2"}],"replies":[{"embeddable":true,"href":"https:\/\/dgospel.com.br\/portal\/index.php\/wp-json\/wp\/v2\/comments?post=8150"}],"version-history":[{"count":1,"href":"https:\/\/dgospel.com.br\/portal\/index.php\/wp-json\/wp\/v2\/posts\/8150\/revisions"}],"predecessor-version":[{"id":8152,"href":"https:\/\/dgospel.com.br\/portal\/index.php\/wp-json\/wp\/v2\/posts\/8150\/revisions\/8152"}],"wp:featuredmedia":[{"embeddable":true,"href":"https:\/\/dgospel.com.br\/portal\/index.php\/wp-json\/wp\/v2\/media\/8151"}],"wp:attachment":[{"href":"https:\/\/dgospel.com.br\/portal\/index.php\/wp-json\/wp\/v2\/media?parent=8150"}],"wp:term":[{"taxonomy":"category","embeddable":true,"href":"https:\/\/dgospel.com.br\/portal\/index.php\/wp-json\/wp\/v2\/categories?post=8150"},{"taxonomy":"post_tag","embeddable":true,"href":"https:\/\/dgospel.com.br\/portal\/index.php\/wp-json\/wp\/v2\/tags?post=8150"}],"curies":[{"name":"wp","href":"https:\/\/api.w.org\/{rel}","templated":true}]}}