{"id":8153,"date":"2021-04-13T10:52:04","date_gmt":"2021-04-13T13:52:04","guid":{"rendered":"http:\/\/dgospel.com.br\/portal\/?p=8153"},"modified":"2021-04-13T10:52:06","modified_gmt":"2021-04-13T13:52:06","slug":"numero-de-casos-de-covid-19-comeca-a-cair-no-estado-e-governador-carlesse-reforca-importancia-da-vacinacao","status":"publish","type":"post","link":"https:\/\/dgospel.com.br\/portal\/index.php\/2021\/04\/13\/numero-de-casos-de-covid-19-comeca-a-cair-no-estado-e-governador-carlesse-reforca-importancia-da-vacinacao\/","title":{"rendered":"N\u00famero de casos de Covid-19 come\u00e7a a cair no Estado e governador Carlesse refor\u00e7a import\u00e2ncia da vacina\u00e7\u00e3o"},"content":{"rendered":"\n<p>A redu\u00e7\u00e3o na curva epidemiol\u00f3gica da Covid-19 no Tocantins e a aquisi\u00e7\u00e3o de mais vacinas contra o novo Coronav\u00edrus foram alguns dos assuntos discutidos na reuni\u00e3o do Comit\u00ea de Crise de Combate e Preven\u00e7\u00e3o \u00e0 Covid-19, conduzida nesta segunda-feira, 12, pelo governador do Estado, Mauro Carlesse. A amplia\u00e7\u00e3o de leitos cl\u00ednicos\/Unidades de Tratamento Intensivo (UTI), a vig\u00eancia dos decretos com as medidas de conten\u00e7\u00e3o \u00e0 prolifera\u00e7\u00e3o do v\u00edrus e o calend\u00e1rio escolar de 2021 tamb\u00e9m foram abordados durante o encontro on-line.<\/p>\n\n\n\n<p>O governador Carlesse abriu a reuni\u00e3o parabenizando os membros do Comit\u00ea pelo empenho nas a\u00e7\u00f5es de enfrentamento \u00e0 Covid-19 que promoveram uma redu\u00e7\u00e3o na curva de contamina\u00e7\u00e3o nos \u00faltimos dias. \u201cEssa semana, os indicadores apontaram uma queda no n\u00famero de casos da Covid-19 no Tocantins. No dia 29 de mar\u00e7o, nossa m\u00e9dia m\u00f3vel estava em 766 e, atualmente, est\u00e1 em pouco mais de 379 casos. Isso demonstra que o que temos feito, como a imuniza\u00e7\u00e3o da popula\u00e7\u00e3o, trabalho remoto para os servidores entre outras a\u00e7\u00f5es, est\u00e1 dando resultado e isso se deve ao trabalho de todos\u201d, assegurou.<\/p>\n\n\n\n<p>O governador Carlesse refor\u00e7ou tamb\u00e9m o empenho do Estado na aquisi\u00e7\u00e3o de novas vacinas para acelerar a imuniza\u00e7\u00e3o da popula\u00e7\u00e3o. \u201cAssinei o pr\u00e9-contrato para aquisi\u00e7\u00e3o de 1 milh\u00e3o de doses da Sputnik V para imuniza\u00e7\u00e3o da nossa popula\u00e7\u00e3o. Nosso objetivo \u00e9 vacinar toda a popula\u00e7\u00e3o, se uma pessoa n\u00e3o puder sair de sua casa para ir tomar a vacina, n\u00f3s vamos levar a vacina at\u00e9 ela, ou vamos busc\u00e1-la em casa, mas todos devem ser vacinados. S\u00f3 com a vacina n\u00f3s conseguiremos solucionar mais r\u00e1pido e definitivamente o problema da Covid-19 no Tocantins\u201d, afirmou.<\/p>\n\n\n\n<p>Dados do Vacin\u00f4metro disponibilizados pela Secretaria de Estado da Sa\u00fade (SES) nesta segunda-feira, 12, apontam que um total de 175.130 doses de vacinas contra a Covid-19 j\u00e1 foram aplicadas na popula\u00e7\u00e3o tocantinense, sendo 134.493 da 1\u00aa dose e 40.637 da 2\u00aa dose.<\/p>\n\n\n\n<p>O secret\u00e1rio de Estado da Sa\u00fade, Edgar Tollini, destacou que a redu\u00e7\u00e3o no n\u00famero de casos da Covid-19 se deve a m\u00faltiplos fatores como imuniza\u00e7\u00e3o, conscientiza\u00e7\u00e3o da popula\u00e7\u00e3o e tamb\u00e9m \u00e0s medidas adotadas pelo governador Carlesse. \u201cO decreto do governador com toler\u00e2ncia zero para aglomera\u00e7\u00f5es, por exemplo, ajudou e muito a criar essa responsabilidade social nas pessoas, mas, ainda n\u00e3o \u00e9 o momento de aglomerarmos, precisamos continuar usando m\u00e1scaras, manter o distanciamento e higienizar as m\u00e3os continuamente\u201d, frisou.<\/p>\n\n\n\n<p>O secret\u00e1rio Edgar Tollini destacou ainda a abertura de dez leitos de UTI, exclusivos para o tratamento da Covid-19, entraram em opera\u00e7\u00e3o nesse s\u00e1bado, 10, no Hospital Regional de Porto Nacional.<\/p>\n\n\n\n<p><strong>Vig\u00eancia dos decretos<\/strong><\/p>\n\n\n\n<p>O secret\u00e1rio-chefe da Casa Civil, Rolf Vidal, informou que a tend\u00eancia \u00e9 que as medidas de biosseguran\u00e7a estabelecidas pelos decretos n\u00b0 6.234 [adota provid\u00eancias para o enfrentamento da Covid-19 no \u00e2mbito do Estado do Tocantins] e n\u00ba 6.230 [estabelece medidas do enfrentamento da Covid-19 no \u00e2mbito do Estado do Tocantins] sejam mantidas para os pr\u00f3ximos dias. \u201cAs a\u00e7\u00f5es que t\u00eam tido bons resultados como a for\u00e7a-tarefa Toler\u00e2ncia Zero e a proibi\u00e7\u00e3o dos eventos devem continuar em todo o Estado, mas levando em conta a curva epidemiol\u00f3gica nos reuniremos com a SES nos pr\u00f3ximos dias para saber se h\u00e1 possibilidade de flexibiliza\u00e7\u00e3o&#8221;, ressaltou.<\/p>\n\n\n\n<p><strong>Retorno das aulas<\/strong><\/p>\n\n\n\n<p>A secret\u00e1ria de Estado da Educa\u00e7\u00e3o, Juventude e Esportes, Adriana Aguiar, explicou que o retorno das aulas deve acontecer no dia 3 de maio de maneira adequada ao momento. \u201cEstamos trabalhando na forma\u00e7\u00e3o continuada dos nossos professores tanto em biosseguran\u00e7a quanto sa\u00fade f\u00edsica e mental. E, independentemente de como ser\u00e1 esse retorno, se presencial ou remoto, n\u00f3s estaremos preparados para acolher os alunos\u201d, enfatizou.<\/p>\n\n\n\n<p>A titular da Seduc informou tamb\u00e9m que a pasta j\u00e1 est\u00e1 pronta para iniciar, a partir do dia 25 de abril, a terceira etapa da entrega dos kits de alimenta\u00e7\u00e3o para os alunos da rede p\u00fablica. Nesta etapa, devem ser entregues 170 mil kits.<\/p>\n\n\n\n<p><strong>Outras medidas de enfrentamento<\/strong><\/p>\n\n\n\n<p>O secret\u00e1rio de Estado da Fazenda, Sandro Henrique Armando, destacou que a Gest\u00e3o continua em equil\u00edbrio fiscal mesmo diante do aumento de gastos que a pandemia provocou, mas que, para os pr\u00f3ximos dias, o foco ser\u00e1 a aquisi\u00e7\u00e3o de vacinas. \u201cNossas prioridades nos \u00faltimos meses t\u00eam sido as \u00e1reas da sa\u00fade e assist\u00eancia social, mas para os pr\u00f3ximos dias nosso foco ficar\u00e1 concentrado tamb\u00e9m na aquisi\u00e7\u00e3o de vacinas, porque s\u00f3 com a vacina n\u00f3s poderemos salvar a vida da popula\u00e7\u00e3o e tamb\u00e9m a economia do Tocantins\u201d, assegurou.<\/p>\n\n\n\n<p>J\u00e1 no que diz respeito \u00e0 conscientiza\u00e7\u00e3o da popula\u00e7\u00e3o, o secret\u00e1rio de Estado da Comunica\u00e7\u00e3o, \u00c9lcio Mendes, refor\u00e7ou que j\u00e1 est\u00e1 no ar uma segunda campanha para estimular as pessoas a se vacinarem. \u201cA nossa campanha atual \u00e9 direcionada aos idosos para que procurem a vacina. N\u00f3s j\u00e1 vemos que h\u00e1 um retorno positivo nesse tipo de a\u00e7\u00e3o, pois o Tocantins tem figurado no cen\u00e1rio nacional como um dos estados com melhor execu\u00e7\u00e3o da segunda dose de vacinas em idosos\u201d, destacou.<\/p>\n","protected":false},"excerpt":{"rendered":"<p>A redu\u00e7\u00e3o na curva epidemiol\u00f3gica da Covid-19 no Tocantins e a aquisi\u00e7\u00e3o de mais vacinas contra o novo Coronav\u00edrus foram alguns dos assuntos discutidos na reuni\u00e3o do Comit\u00ea de Crise de Combate e Preven\u00e7\u00e3o \u00e0 Covid-19, conduzida nesta segunda-feira, 12, pelo governador do Estado, Mauro Carlesse. A amplia\u00e7\u00e3o de leitos cl\u00ednicos\/Unidades de Tratamento Intensivo (UTI), [&hellip;]<\/p>\n","protected":false},"author":2,"featured_media":8154,"comment_status":"open","ping_status":"open","sticky":false,"template":"","format":"standard","meta":[],"categories":[3],"tags":[13],"_links":{"self":[{"href":"https:\/\/dgospel.com.br\/portal\/index.php\/wp-json\/wp\/v2\/posts\/8153"}],"collection":[{"href":"https:\/\/dgospel.com.br\/portal\/index.php\/wp-json\/wp\/v2\/posts"}],"about":[{"href":"https:\/\/dgospel.com.br\/portal\/index.php\/wp-json\/wp\/v2\/types\/post"}],"author":[{"embeddable":true,"href":"https:\/\/dgospel.com.br\/portal\/index.php\/wp-json\/wp\/v2\/users\/2"}],"replies":[{"embeddable":true,"href":"https:\/\/dgospel.com.br\/portal\/index.php\/wp-json\/wp\/v2\/comments?post=8153"}],"version-history":[{"count":1,"href":"https:\/\/dgospel.com.br\/portal\/index.php\/wp-json\/wp\/v2\/posts\/8153\/revisions"}],"predecessor-version":[{"id":8155,"href":"https:\/\/dgospel.com.br\/portal\/index.php\/wp-json\/wp\/v2\/posts\/8153\/revisions\/8155"}],"wp:featuredmedia":[{"embeddable":true,"href":"https:\/\/dgospel.com.br\/portal\/index.php\/wp-json\/wp\/v2\/media\/8154"}],"wp:attachment":[{"href":"https:\/\/dgospel.com.br\/portal\/index.php\/wp-json\/wp\/v2\/media?parent=8153"}],"wp:term":[{"taxonomy":"category","embeddable":true,"href":"https:\/\/dgospel.com.br\/portal\/index.php\/wp-json\/wp\/v2\/categories?post=8153"},{"taxonomy":"post_tag","embeddable":true,"href":"https:\/\/dgospel.com.br\/portal\/index.php\/wp-json\/wp\/v2\/tags?post=8153"}],"curies":[{"name":"wp","href":"https:\/\/api.w.org\/{rel}","templated":true}]}}