{"id":816,"date":"2018-07-24T10:12:21","date_gmt":"2018-07-24T13:12:21","guid":{"rendered":"http:\/\/dgospel.com.br\/portal\/?p=816"},"modified":"2018-07-24T10:12:21","modified_gmt":"2018-07-24T13:12:21","slug":"raul-filho-desiste-de-pre-candidatura-ao-senado-federal","status":"publish","type":"post","link":"https:\/\/dgospel.com.br\/portal\/index.php\/2018\/07\/24\/raul-filho-desiste-de-pre-candidatura-ao-senado-federal\/","title":{"rendered":"Raul Filho desiste de pr\u00e9-candidatura ao Senado Federal"},"content":{"rendered":"<p>O ex-prefeito de Palmas Raul Filho (PSD) desistiu de sua pr\u00e9-candidatura ao Senado Federal. Em carta enviada aos aliados nesta segunda-feira, 23, o pol\u00edtico revela certa insatisfa\u00e7\u00e3o com a postura adotada pela senadora K\u00e1tia Abreu (PDT) e pelo deputado federal Iraj\u00e1 Abreu (PSD). \u201cCompreendi que o entendimento inicial havia sido desfeito\u201d, afirma no texto.<\/p>\n<p>Desde que saiu derrotado nas elei\u00e7\u00f5es municipais de 2016, Raul Filho n\u00e3o escondia o desejo de disputar uma vaga no Senado Federal.\u00a0<a href=\"https:\/\/clebertoledo.com.br\/blog-ct\/raul-se-filia-ao-psd-e-solange-volta-ao-pt-sinal-da-aproximacao-da-sigla-com-katia\/\"><strong>Com este objetivo que o pol\u00edtico ingressou no Partido Social Democr\u00e1tico (PSD), sigla da base de K\u00e1tia Abreu<\/strong><\/a>.\u00a0<a href=\"https:\/\/clebertoledo.com.br\/politica\/com-coordenacao-de-raul-coligacao-de-katia-leva-nome-de-reconstruindo-o-tocantins\/\"><strong>O ex-prefeito chegou a assumir a importante fun\u00e7\u00e3o de coordenar a campanha da pedetista na elei\u00e7\u00e3o suplementar<\/strong><\/a>.<\/p>\n<p>Entretanto, o baixo desempenho de K\u00e1tia Abreu na disputa pelo governo do Estado na elei\u00e7\u00e3o suplementar mudou o cen\u00e1rio, e Iraj\u00e1 Abreu, que preside o PSD no Tocantins, passou a articular a vaga para o Senado Federal para si.\u00a0<a href=\"https:\/\/clebertoledo.com.br\/politica\/em-outra-frente-de-articulacao-iraja-conversa-com-marlon-de-olho-em-vaga-de-senador\/\"><strong>Negocia\u00e7\u00f5es j\u00e1 foram abertas com o pr\u00e9-candidato ao governo do Rede, o advogado M\u00e1rlon Reis<\/strong><\/a>, afastando qualquer possibilidade para Raul Filho.<\/p>\n<p>\u201cVenho informar que minha pr\u00e9-candidatura ao Senado, fruto de entendimento com a senadora K\u00e1tia Abreu e com o deputado Iraj\u00e1 Abreu, presidente de nosso partido, PSD, foi desarticulada. Apesar de me sentir preparado e com experi\u00eancia suficiente para disputar e exercer o cargo de senador da Rep\u00fablica, vejo-me, por quest\u00f5es partid\u00e1rias, sem \u00a0espa\u00e7o para tal\u201d, afirmou o ex-prefeito.<\/p>\n<p>Raul Filho tamb\u00e9m demonstrou certo isolamento dentro do PSD. \u201cDepois de saber pela imprensa do interesse do deputado Iraj\u00e1 Abreu em concorrer ao Senado, inclusive j\u00e1 com conversas adiantadas, compreendi que o entendimento inicial havia sido desfeito. Lamento n\u00e3o haver sido comunicado das mudan\u00e7as de planos do partido\u201d, acrescentou.<\/p>\n<p>Apesar de deixar a disputar por uma vaga pelo Senado Federal, Raul Filho deixa claro que n\u00e3o deixar\u00e1 a vida p\u00fablica. \u201cOutros embates vir\u00e3o, pois pol\u00edtica faz parte de minha vida. A luta continua!\u201d, encerra.<\/p>\n<p>Advers\u00e1rios hist\u00f3ricos, Raul e K\u00e1tia se aproximaram nas elei\u00e7\u00f5es municipais de 2016, quando a senadora rompeu com o ent\u00e3o candidato \u00e0 reelei\u00e7\u00e3o e prefeito Carlos Amastha (PSB). A hoje pedetista foi para o palanque de Raul.<\/p>\n<p>Em abril, Raul deixou o PR e se filiou ao PSD, com o compromisso de K\u00e1tia de que teria vaga assegurada para o Senado. Contudo, com a cassa\u00e7\u00e3o do ex-governador Marcelo Miranda (MDB) veio a elei\u00e7\u00e3o suplementar. Diante do p\u00e9ssimo resultado de sua candidatura a governadora e a falta entendimento da oposi\u00e7\u00e3o fizeram a parlamentar desistir de disputar as elei\u00e7\u00f5es de outubro, reduzindo as possibilidades de Raul ter sua vaga de senador. A situa\u00e7\u00e3o se complicou ainda mais com a decis\u00e3o de Iraj\u00e1 de buscar o Senado.<\/p>\n<p><strong>Leia abaixo a \u00edntegra da carta:<\/strong><\/p>\n<p><em>\u201cCaros amigos.<\/em><\/p>\n<p><em>Serenidade e sabedoria devem ser sempre a b\u00fassola que guia o caminho de um homem. \u00c9 por acreditar nisso que venho primeiro agradecer a compreens\u00e3o, confian\u00e7a e apoio recebido de cada amigo e amiga ao longo de minha vida e em cada projeto a que me propus realizar.<\/em><\/p>\n<p><em>Quem me conhece sabe que sou determinado e quando me proponho a algo dou o melhor de mim, com absoluta dedica\u00e7\u00e3o e de forma incans\u00e1vel.<\/em><\/p>\n<p><em>Mas ao mesmo tempo em que sou obstinado, tamb\u00e9m busco a prud\u00eancia e n\u00e3o tenho receio de recuar quando necess\u00e1rio.<\/em><\/p>\n<p><em>Assim, venho informar que minha pr\u00e9-candidatura ao senado, fruto de entendimento com a senadora K\u00e1tia Abreu e com o deputado Iraj\u00e1 Abreu, presidente de nosso partido, PSD, foi desarticulada.<\/em><\/p>\n<p><em>Apesar de me sentir preparado e com experi\u00eancia suficiente para disputar e exercer o cargo de Senador da Rep\u00fablica, vejo-me, por quest\u00f5es partid\u00e1rias, sem \u00a0espa\u00e7o para tal.<\/em><\/p>\n<p><em>Depois de saber pela imprensa do interesse do deputado Iraj\u00e1 Abreu em concorrer ao Senado, inclusive j\u00e1 com conversas adiantadas, compreendi que o entendimento inicial havia sido desfeito. Lamento n\u00e3o haver sido comunicado das mudan\u00e7as de planos do partido.<\/em><\/p>\n<p><em>Por isto, me sinto no dever de ocupar este espa\u00e7o para comunicar aos companheiros de longa data sobre esta decis\u00e3o.<\/em><\/p>\n<p><em>Outros embates vir\u00e3o, pois pol\u00edtica faz parte de minha vida\u2026a luta continua\u2026!!!<\/em><\/p>\n<p><em>Raul Filho, ex-prefeito de Palmas\u201d<\/em><\/p>\n<p><strong>\u00a0<\/strong><\/p>\n<p>&nbsp;<\/p>\n<p>Fonte:\u00a0clebertoledo<\/p>\n","protected":false},"excerpt":{"rendered":"<p>O ex-prefeito de Palmas Raul Filho (PSD) desistiu de sua pr\u00e9-candidatura ao Senado Federal. Em carta enviada aos aliados nesta segunda-feira, 23, o pol\u00edtico revela certa insatisfa\u00e7\u00e3o com a postura adotada pela senadora K\u00e1tia Abreu (PDT) e pelo deputado federal Iraj\u00e1 Abreu (PSD). \u201cCompreendi que o entendimento inicial havia sido desfeito\u201d, afirma no texto. Desde [&hellip;]<\/p>\n","protected":false},"author":2,"featured_media":817,"comment_status":"open","ping_status":"open","sticky":false,"template":"","format":"standard","meta":[],"categories":[2,4],"tags":[],"_links":{"self":[{"href":"https:\/\/dgospel.com.br\/portal\/index.php\/wp-json\/wp\/v2\/posts\/816"}],"collection":[{"href":"https:\/\/dgospel.com.br\/portal\/index.php\/wp-json\/wp\/v2\/posts"}],"about":[{"href":"https:\/\/dgospel.com.br\/portal\/index.php\/wp-json\/wp\/v2\/types\/post"}],"author":[{"embeddable":true,"href":"https:\/\/dgospel.com.br\/portal\/index.php\/wp-json\/wp\/v2\/users\/2"}],"replies":[{"embeddable":true,"href":"https:\/\/dgospel.com.br\/portal\/index.php\/wp-json\/wp\/v2\/comments?post=816"}],"version-history":[{"count":1,"href":"https:\/\/dgospel.com.br\/portal\/index.php\/wp-json\/wp\/v2\/posts\/816\/revisions"}],"predecessor-version":[{"id":818,"href":"https:\/\/dgospel.com.br\/portal\/index.php\/wp-json\/wp\/v2\/posts\/816\/revisions\/818"}],"wp:featuredmedia":[{"embeddable":true,"href":"https:\/\/dgospel.com.br\/portal\/index.php\/wp-json\/wp\/v2\/media\/817"}],"wp:attachment":[{"href":"https:\/\/dgospel.com.br\/portal\/index.php\/wp-json\/wp\/v2\/media?parent=816"}],"wp:term":[{"taxonomy":"category","embeddable":true,"href":"https:\/\/dgospel.com.br\/portal\/index.php\/wp-json\/wp\/v2\/categories?post=816"},{"taxonomy":"post_tag","embeddable":true,"href":"https:\/\/dgospel.com.br\/portal\/index.php\/wp-json\/wp\/v2\/tags?post=816"}],"curies":[{"name":"wp","href":"https:\/\/api.w.org\/{rel}","templated":true}]}}