{"id":8165,"date":"2021-04-13T11:11:24","date_gmt":"2021-04-13T14:11:24","guid":{"rendered":"http:\/\/dgospel.com.br\/portal\/?p=8165"},"modified":"2021-04-13T11:11:26","modified_gmt":"2021-04-13T14:11:26","slug":"stf-derruba-obrigacao-de-biblia-em-escolas-e-bibliotecas-do-am","status":"publish","type":"post","link":"https:\/\/dgospel.com.br\/portal\/index.php\/2021\/04\/13\/stf-derruba-obrigacao-de-biblia-em-escolas-e-bibliotecas-do-am\/","title":{"rendered":"STF derruba obriga\u00e7\u00e3o de B\u00edblia em escolas e bibliotecas do AM"},"content":{"rendered":"\n<p>O Plen\u00e1rio do Supremo Tribunal Federal (<a href=\"https:\/\/pleno.news\/tag\/stf\" target=\"_blank\" rel=\"noreferrer noopener\">STF<\/a>) decidiu, por unanimidade, derrubar artigos de uma lei do&nbsp;<a href=\"https:\/\/pleno.news\/tag\/amazonas\" target=\"_blank\" rel=\"noreferrer noopener\">Amazonas<\/a>&nbsp;que obrigava escolas e bibliotecas p\u00fablicas estaduais a manterem ao menos um exemplar da B\u00edblia em seus acervos. O julgamento, feito atrav\u00e9s do plen\u00e1rio virtual da Suprema Corte, terminou na segunda-feira (12).<\/p>\n\n\n\n<p>O assunto foi pautado no STF atrav\u00e9s de a\u00e7\u00e3o proposta, ainda em 2015, pelo ent\u00e3o procurador-geral da Rep\u00fablica, Rodrigo Janot, que viu na lei amazonense ofensa ao princ\u00edpios da laicidade estatal e ao direito \u00e0 liberdade religiosa. Na ocasi\u00e3o, o chefe da PGR tamb\u00e9m questionou legisla\u00e7\u00f5es semelhantes em estados como o Rio de Janeiro, Rio Grande do Norte e Mato Grosso do Sul.<\/p>\n\n\n\n<p>No julgamento, a argumenta\u00e7\u00e3o da PGR foi aceita pela ministra C\u00e1rmen L\u00facia, relatora do processo, para quem o dispositivo dispensava \u201ctratamento desigual\u201d \u00e0s cren\u00e7as ao \u201cfacilitar\u201d acesso apenas \u00e0 B\u00edblia, \u201cdesprestigiando\u201d outras religi\u00f5es e estudantes que n\u00e3o professavam cren\u00e7a religiosa.<\/p>\n\n\n\n<p>\u2013 Nas normas impugnadas, ao determinar-se a exist\u00eancia de exemplar da B\u00edblia nas escolas e bibliotecas p\u00fablicas, institui-se comportamento, em espa\u00e7o p\u00fablico estatal, de divulga\u00e7\u00e3o, est\u00edmulo e promo\u00e7\u00e3o de conjunto de cren\u00e7as e dogmas nela presentes. Prejudicam-se outras, configurando-se ofensa ao princ\u00edpio da laicidade estatal \u2013 alegou.<\/p>\n","protected":false},"excerpt":{"rendered":"<p>O Plen\u00e1rio do Supremo Tribunal Federal (STF) decidiu, por unanimidade, derrubar artigos de uma lei do&nbsp;Amazonas&nbsp;que obrigava escolas e bibliotecas p\u00fablicas estaduais a manterem ao menos um exemplar da B\u00edblia em seus acervos. O julgamento, feito atrav\u00e9s do plen\u00e1rio virtual da Suprema Corte, terminou na segunda-feira (12). O assunto foi pautado no STF atrav\u00e9s de [&hellip;]<\/p>\n","protected":false},"author":2,"featured_media":8166,"comment_status":"open","ping_status":"open","sticky":false,"template":"","format":"standard","meta":[],"categories":[5],"tags":[],"_links":{"self":[{"href":"https:\/\/dgospel.com.br\/portal\/index.php\/wp-json\/wp\/v2\/posts\/8165"}],"collection":[{"href":"https:\/\/dgospel.com.br\/portal\/index.php\/wp-json\/wp\/v2\/posts"}],"about":[{"href":"https:\/\/dgospel.com.br\/portal\/index.php\/wp-json\/wp\/v2\/types\/post"}],"author":[{"embeddable":true,"href":"https:\/\/dgospel.com.br\/portal\/index.php\/wp-json\/wp\/v2\/users\/2"}],"replies":[{"embeddable":true,"href":"https:\/\/dgospel.com.br\/portal\/index.php\/wp-json\/wp\/v2\/comments?post=8165"}],"version-history":[{"count":1,"href":"https:\/\/dgospel.com.br\/portal\/index.php\/wp-json\/wp\/v2\/posts\/8165\/revisions"}],"predecessor-version":[{"id":8167,"href":"https:\/\/dgospel.com.br\/portal\/index.php\/wp-json\/wp\/v2\/posts\/8165\/revisions\/8167"}],"wp:featuredmedia":[{"embeddable":true,"href":"https:\/\/dgospel.com.br\/portal\/index.php\/wp-json\/wp\/v2\/media\/8166"}],"wp:attachment":[{"href":"https:\/\/dgospel.com.br\/portal\/index.php\/wp-json\/wp\/v2\/media?parent=8165"}],"wp:term":[{"taxonomy":"category","embeddable":true,"href":"https:\/\/dgospel.com.br\/portal\/index.php\/wp-json\/wp\/v2\/categories?post=8165"},{"taxonomy":"post_tag","embeddable":true,"href":"https:\/\/dgospel.com.br\/portal\/index.php\/wp-json\/wp\/v2\/tags?post=8165"}],"curies":[{"name":"wp","href":"https:\/\/api.w.org\/{rel}","templated":true}]}}